{"id":7163,"date":"2015-04-03T15:09:10","date_gmt":"2015-04-03T11:09:10","guid":{"rendered":"https:\/\/www.shahidov.com\/?p=7163"},"modified":"2015-07-07T01:40:57","modified_gmt":"2015-07-06T21:40:57","slug":"az%c9%99rbaycanda-s%c9%99rb%c9%99st-toplasmaq-azadligi-at%c9%99t-d%c9%99-muzakir%c9%99-olunacaq","status":"publish","type":"post","link":"https:\/\/www.shahidov.com\/?p=7163","title":{"rendered":"Az\u0259rbaycanda s\u0259rb\u0259st topla\u015fmaq azadl\u0131\u011f\u0131 AT\u018fT-d\u0259 m\u00fczakir\u0259 olunacaq"},"content":{"rendered":"<p><strong><a href=\"https:\/\/www.shahidov.com\/wp-content\/uploads\/2014\/10\/odihr1.jpg\"><img loading=\"lazy\" decoding=\"async\" class=\"alignleft size-thumbnail wp-image-6878\" src=\"https:\/\/www.shahidov.com\/wp-content\/uploads\/2014\/10\/odihr1-292x292.jpg\" alt=\"odihr1\" width=\"292\" height=\"292\" \/><\/a>H\u00fcquq m\u00fcdafi\u0259\u00e7isi \u018fhm\u0259d \u015eahidov AT\u018fT-in Vyana toplant\u0131s\u0131nda Az\u0259rbaycanda s\u0259rb\u0259st topla\u015fmaq azadl\u0131\u011f\u0131n\u0131n v\u0259ziyy\u0259tind\u0259n dan\u0131\u015facaq<\/strong><\/p>\n<p>16-17 Aprel tarixl\u0259rind\u0259 Avstriyan\u0131n paytaxt\u0131 Vyana \u015f\u0259h\u0259rind\u0259 AT\u018fT-in n\u00f6vb\u0259ti toplant\u0131s\u0131 ke\u00e7iril\u0259c\u0259k. S\u0259rb\u0259st topla\u015fmaq azadl\u0131\u011f\u0131n\u0131n m\u00fczakir\u0259 olunaca\u011f\u0131 bu d\u0259f\u0259ki t\u0259dbird\u0259 Az\u0259rbaycan Demokratiya v\u0259 \u0130nsan Haqlar\u0131 \u0130nstitutunun r\u0259hb\u0259ri \u018fhm\u0259d \u015eahidov da m\u0259ruz\u0259 il\u0259 \u00e7\u0131x\u0131\u015f ed\u0259c\u0259k. AT\u018fT-in Demokratik \u0130nstitutlar v\u0259 \u0130nsan Haqlar\u0131 Ofisinin t\u0259\u015fkilat\u00e7\u0131l\u0131\u011f\u0131 il\u0259 ba\u015f tutacaq bu beyn\u0259lxalq t\u0259dbird\u0259 AT\u018fT \u00fczv\u00fc olan \u00f6lk\u0259l\u0259rd\u0259 s\u0259rb\u0259st topla\u015fmaq azadl\u0131\u011f\u0131 m\u00fczakir\u0259 olunacaq v\u0259 ayr\u0131-ayr\u0131 \u00f6lk\u0259l\u0259r bar\u0259d\u0259 m\u0259ruz\u0259l\u0259r dinl\u0259cil\u0259c\u0259k.<\/p>\n<p>H\u0259min t\u0259dbird\u0259 \u00e7\u0131x\u0131\u015f ed\u0259c\u0259k AD\u0130H\u0130 r\u0259hb\u0259ri \u018fhm\u0259d \u015eahidov \u2018Yeni M\u00fcsavat\u2019 q\u0259zetinin m\u00fcxbirin\u0259 bildirib ki, t\u0259dbird\u0259 Az\u0259rbaycanda insan haqlar\u0131n\u0131n v\u0259ziyy\u0259ti, x\u00fcsus\u0259n d\u0259 v\u0259t\u0259nda\u015flar\u0131n s\u0259rb\u0259st topla\u015fmaq azadl\u0131\u011f\u0131 haqq\u0131nda dan\u0131\u015facaq: \u2018AT\u018fT-in bu d\u0259f\u0259ki toplant\u0131s\u0131nda Az\u0259rbaycanda s\u0259rb\u0259st topla\u015fmaq azadl\u0131\u011f\u0131n\u0131n durumu bar\u0259d\u0259 \u00e7\u0131x\u0131\u015f\u0131m olacaq. Bu sah\u0259d\u0259 zaman-zaman probleml\u0259r m\u00fc\u015fahid\u0259 etmi\u015fimk, lakin son aylar m\u00fcsb\u0259t tendensiyalar\u0131 g\u00f6rm\u0259kd\u0259yik. X\u00fcsus\u0259n d\u0259 m\u00fcxalif\u0259tin son mitinql\u0259ri diqq\u0259ti\u00e7\u0259k\u0259ndir. Vyanadak\u0131 m\u00fczakir\u0259l\u0259rd\u0259 d\u0259 \u0259sas\u0259n bu bar\u0259d\u0259 \u00e7\u0131x\u0131\u015f etm\u0259k niyy\u0259tind\u0259y\u0259m\u2019.<\/p>\n","protected":false},"excerpt":{"rendered":"<p>H\u00fcquq m\u00fcdafi\u0259\u00e7isi \u018fhm\u0259d \u015eahidov AT\u018fT-in Vyana toplant\u0131s\u0131nda Az\u0259rbaycanda s\u0259rb\u0259st topla\u015fmaq azadl\u0131\u011f\u0131n\u0131n v\u0259ziyy\u0259tind\u0259n dan\u0131\u015facaq 16-17 Aprel tarixl\u0259rind\u0259 Avstriyan\u0131n paytaxt\u0131 Vyana \u015f\u0259h\u0259rind\u0259 AT\u018fT-in n\u00f6vb\u0259ti toplant\u0131s\u0131 ke\u00e7iril\u0259c\u0259k. S\u0259rb\u0259st topla\u015fmaq azadl\u0131\u011f\u0131n\u0131n m\u00fczakir\u0259 olunaca\u011f\u0131 bu&hellip; <\/p>\n","protected":false},"author":1,"featured_media":6878,"comment_status":"open","ping_status":"open","sticky":false,"template":"","format":"standard","meta":{"_jetpack_memberships_contains_paid_content":false,"footnotes":""},"categories":[17],"tags":[],"class_list":["post-7163","post","type-post","status-publish","format-standard","has-post-thumbnail","hentry","category-xbrlr"],"jetpack_featured_media_url":"https:\/\/www.shahidov.com\/wp-content\/uploads\/2014\/10\/odihr1.jpg","jetpack_sharing_enabled":true,"_links":{"self":[{"href":"https:\/\/www.shahidov.com\/index.php?rest_route=\/wp\/v2\/posts\/7163","targetHints":{"allow":["GET"]}}],"collection":[{"href":"https:\/\/www.shahidov.com\/index.php?rest_route=\/wp\/v2\/posts"}],"about":[{"href":"https:\/\/www.shahidov.com\/index.php?rest_route=\/wp\/v2\/types\/post"}],"author":[{"embeddable":true,"href":"https:\/\/www.shahidov.com\/index.php?rest_route=\/wp\/v2\/users\/1"}],"replies":[{"embeddable":true,"href":"https:\/\/www.shahidov.com\/index.php?rest_route=%2Fwp%2Fv2%2Fcomments&post=7163"}],"version-history":[{"count":1,"href":"https:\/\/www.shahidov.com\/index.php?rest_route=\/wp\/v2\/posts\/7163\/revisions"}],"predecessor-version":[{"id":7164,"href":"https:\/\/www.shahidov.com\/index.php?rest_route=\/wp\/v2\/posts\/7163\/revisions\/7164"}],"wp:featuredmedia":[{"embeddable":true,"href":"https:\/\/www.shahidov.com\/index.php?rest_route=\/wp\/v2\/media\/6878"}],"wp:attachment":[{"href":"https:\/\/www.shahidov.com\/index.php?rest_route=%2Fwp%2Fv2%2Fmedia&parent=7163"}],"wp:term":[{"taxonomy":"category","embeddable":true,"href":"https:\/\/www.shahidov.com\/index.php?rest_route=%2Fwp%2Fv2%2Fcategories&post=7163"},{"taxonomy":"post_tag","embeddable":true,"href":"https:\/\/www.shahidov.com\/index.php?rest_route=%2Fwp%2Fv2%2Ftags&post=7163"}],"curies":[{"name":"wp","href":"https:\/\/api.w.org\/{rel}","templated":true}]}}