{"id":7088,"date":"2015-02-21T19:09:34","date_gmt":"2015-02-21T15:09:34","guid":{"rendered":"https:\/\/www.shahidov.com\/?p=7088"},"modified":"2015-07-07T01:44:05","modified_gmt":"2015-07-06T21:44:05","slug":"%c9%99hm%c9%99d-sahidov-vyananin-m%c9%99rk%c9%99zind%c9%99-az%c9%99rbaycanli-%c9%99sirl%c9%99rl%c9%99-bagli-maraqli-aksiya-kecirdi","status":"publish","type":"post","link":"https:\/\/www.shahidov.com\/?p=7088","title":{"rendered":"\u018fhm\u0259d \u015eahidov Vyanan\u0131n m\u0259rk\u0259zind\u0259 az\u0259rbaycanl\u0131 \u0259sirl\u0259rl\u0259 ba\u011fl\u0131 maraql\u0131 aksiya ke\u00e7irdi"},"content":{"rendered":"<p><a href=\"https:\/\/www.shahidov.com\/wp-content\/uploads\/2015\/02\/Screen-Shot-2015-02-21-at-1.39.47-PM.jpg\"><img loading=\"lazy\" decoding=\"async\" class=\"alignleft size-medium wp-image-7091\" src=\"https:\/\/www.shahidov.com\/wp-content\/uploads\/2015\/02\/Screen-Shot-2015-02-21-at-1.39.47-PM-292x292.jpg\" alt=\"Screen Shot 2015-02-21 at 1.39.47 PM\" width=\"292\" height=\"292\" srcset=\"https:\/\/www.shahidov.com\/wp-content\/uploads\/2015\/02\/Screen-Shot-2015-02-21-at-1.39.47-PM-292x292.jpg 292w, https:\/\/www.shahidov.com\/wp-content\/uploads\/2015\/02\/Screen-Shot-2015-02-21-at-1.39.47-PM-650x650.jpg 650w, https:\/\/www.shahidov.com\/wp-content\/uploads\/2015\/02\/Screen-Shot-2015-02-21-at-1.39.47-PM.jpg 654w\" sizes=\"auto, (max-width: 292px) 100vw, 292px\" \/><\/a>Fevral ay\u0131n\u0131n 21-d\u0259 Az\u0259rbaycan Demokratiya v\u0259 \u0130nsan Haqlar\u0131 \u0130nstitutunun r\u0259hb\u0259ri, h\u00fcquq m\u00fcdafi\u0259\u00e7isi \u018fhm\u0259d \u015eahidov Avstriyan\u0131n paytaxt\u0131 Vyana \u015f\u0259h\u0259rinin m\u0259rk\u0259zind\u0259 maraql\u0131 bir t\u0259\u015f\u0259bb\u00fcs\u0259 imza at\u0131b. Bel\u0259 ki, \u0259lind\u0259 k\u0259lb\u0259c\u0259rli \u0259sirl\u0259r Dilq\u0259m \u018fsg\u0259rov v\u0259 \u015eahbaz Quliyevin fotolar\u0131n\u0131 tutan \u018fhm\u0259d \u015eahidov 15 d\u0259qiq\u0259 \u0259rzind\u0259 Vyanan\u0131n m\u0259rk\u0259zi olan Aleksandrplatz k\u00fc\u00e7\u0259sind\u0259 dayan\u0131b v\u0259 \u0259trafda olan insanlar\u0131n diqq\u0259tini \u00e7\u0259k\u0259 bilib.<br \/>\n\u018ftrafdak\u0131 insanlar\u0131n diqq\u0259tini c\u0259lb ed\u0259n aksiya zaman\u0131 avstriyal\u0131lar \u018fhm\u0259d \u015eahidovun fotolar\u0131n\u0131 \u00e7\u0259kir v\u0259 diqq\u0259tl\u0259 az\u0259rbaycanl\u0131 \u0259sirl\u0259rin fotolar\u0131na bax\u0131rd\u0131lar.<br \/>\nH\u0259min aksiyadan olan video g\u00f6r\u00fcnt\u00fcl\u0259ri sizl\u0259r\u0259 t\u0259qdim edirik.<\/p>\n<p><iframe loading=\"lazy\" src=\"https:\/\/www.youtube.com\/embed\/moTjvIpIx4c?rel=0\" width=\"650\" height=\"366\" frameborder=\"0\" allowfullscreen=\"allowfullscreen\"><\/iframe><\/p>\n","protected":false},"excerpt":{"rendered":"<p>Fevral ay\u0131n\u0131n 21-d\u0259 Az\u0259rbaycan Demokratiya v\u0259 \u0130nsan Haqlar\u0131 \u0130nstitutunun r\u0259hb\u0259ri, h\u00fcquq m\u00fcdafi\u0259\u00e7isi \u018fhm\u0259d \u015eahidov Avstriyan\u0131n paytaxt\u0131 Vyana \u015f\u0259h\u0259rinin m\u0259rk\u0259zind\u0259 maraql\u0131 bir t\u0259\u015f\u0259bb\u00fcs\u0259 imza at\u0131b. Bel\u0259 ki, \u0259lind\u0259 k\u0259lb\u0259c\u0259rli \u0259sirl\u0259r Dilq\u0259m&hellip; <\/p>\n","protected":false},"author":1,"featured_media":7512,"comment_status":"open","ping_status":"open","sticky":false,"template":"","format":"standard","meta":{"_jetpack_memberships_contains_paid_content":false,"footnotes":""},"categories":[25,17],"tags":[],"class_list":["post-7088","post","type-post","status-publish","format-standard","has-post-thumbnail","hentry","category-video","category-xbrlr"],"jetpack_featured_media_url":"https:\/\/www.shahidov.com\/wp-content\/uploads\/2015\/02\/Screen-Shot-2015-02-21-at-1.39.47-PM1.jpg","jetpack_sharing_enabled":true,"_links":{"self":[{"href":"https:\/\/www.shahidov.com\/index.php?rest_route=\/wp\/v2\/posts\/7088","targetHints":{"allow":["GET"]}}],"collection":[{"href":"https:\/\/www.shahidov.com\/index.php?rest_route=\/wp\/v2\/posts"}],"about":[{"href":"https:\/\/www.shahidov.com\/index.php?rest_route=\/wp\/v2\/types\/post"}],"author":[{"embeddable":true,"href":"https:\/\/www.shahidov.com\/index.php?rest_route=\/wp\/v2\/users\/1"}],"replies":[{"embeddable":true,"href":"https:\/\/www.shahidov.com\/index.php?rest_route=%2Fwp%2Fv2%2Fcomments&post=7088"}],"version-history":[{"count":1,"href":"https:\/\/www.shahidov.com\/index.php?rest_route=\/wp\/v2\/posts\/7088\/revisions"}],"predecessor-version":[{"id":7092,"href":"https:\/\/www.shahidov.com\/index.php?rest_route=\/wp\/v2\/posts\/7088\/revisions\/7092"}],"wp:featuredmedia":[{"embeddable":true,"href":"https:\/\/www.shahidov.com\/index.php?rest_route=\/wp\/v2\/media\/7512"}],"wp:attachment":[{"href":"https:\/\/www.shahidov.com\/index.php?rest_route=%2Fwp%2Fv2%2Fmedia&parent=7088"}],"wp:term":[{"taxonomy":"category","embeddable":true,"href":"https:\/\/www.shahidov.com\/index.php?rest_route=%2Fwp%2Fv2%2Fcategories&post=7088"},{"taxonomy":"post_tag","embeddable":true,"href":"https:\/\/www.shahidov.com\/index.php?rest_route=%2Fwp%2Fv2%2Ftags&post=7088"}],"curies":[{"name":"wp","href":"https:\/\/api.w.org\/{rel}","templated":true}]}}