{"id":7033,"date":"2015-01-22T20:25:28","date_gmt":"2015-01-22T16:25:28","guid":{"rendered":"https:\/\/www.shahidov.com\/?p=7033"},"modified":"2026-01-03T02:20:57","modified_gmt":"2026-01-02T22:20:57","slug":"%c9%99hm%c9%99d-sahidov-aspa-da-keciril%c9%99c%c9%99k-media-azadligi-il%c9%99-bagli-dinl%c9%99m%c9%99l%c9%99rd%c9%99-istirak-ed%c9%99c%c9%99k","status":"publish","type":"post","link":"https:\/\/www.shahidov.com\/?p=7033","title":{"rendered":"\u018fhm\u0259d \u015eahidov A\u015ePA-da ke\u00e7iril\u0259c\u0259k media azadl\u0131\u011f\u0131 il\u0259 ba\u011fl\u0131 dinl\u0259m\u0259l\u0259rd\u0259 i\u015ftirak ed\u0259c\u0259k"},"content":{"rendered":"<p><strong><a href=\"https:\/\/www.shahidov.com\/wp-content\/uploads\/2014\/10\/aspa.jpg\"><img loading=\"lazy\" decoding=\"async\" class=\"alignleft size-thumbnail wp-image-6706\" src=\"https:\/\/www.shahidov.com\/wp-content\/uploads\/2014\/10\/aspa-292x292.jpg\" alt=\"aspa\" width=\"292\" height=\"292\" \/><\/a>Yanvar\u0131n 28-d\u0259 Avropa \u015euras\u0131 Parlament Assambleyas\u0131n\u0131n Q\u0131\u015f Sessiyas\u0131nda Elmar H\u00fcseynov v\u0259 Rafiq Ta\u011f\u0131n\u0131n q\u0259tl\u0259 yetirilm\u0259si d\u0259 m\u00fczakir\u0259 olunacaq<\/strong><\/p>\n<p>Yanvar ay\u0131n\u0131n 26-da Fransan\u0131n Strasburq \u015f\u0259h\u0259rind\u0259 Avropa \u015euras\u0131 Parlament Assambleyas\u0131n\u0131n Q\u0131\u015f Sessiyas\u0131 \u00f6z i\u015fin\u0259 ba\u015flayacaq. Yanvar\u0131n 30-a q\u0259d\u0259r davam ed\u0259c\u0259k toplant\u0131da A\u015ePA Prezidenti v\u0259 vitse-prezidentl\u0259ri se\u00e7kil\u0259ri ba\u015f tutacaq, Fransadak\u0131 terror hadis\u0259si v\u0259 Ukrayna b\u00f6hran\u0131 \u0259traf\u0131nda m\u00fczakir\u0259l\u0259r apar\u0131lacaq.<\/p>\n<p>Yanvar\u0131n 28-d\u0259 is\u0259 A\u015ePA-n\u0131n M\u0259d\u0259niyy\u0259t, Elm, T\u0259hsil v\u0259 Media Komit\u0259sind\u0259 \u201cAvropada media azadl\u0131\u011f\u0131n\u0131n m\u00fcdafi\u0259si\u201d adl\u0131 m\u00fczakir\u0259l\u0259r t\u0259\u015fkil olunacaq. M\u00fczakir\u0259l\u0259r zaman\u0131 Xorvatiyadan olan deputat Qvozden Srecko Fleqonun haz\u0131rlad\u0131\u011f\u0131 m\u0259ruz\u0259 dinl\u0259n\u0259c\u0259k. Xorvatiyal\u0131 deputat\u0131n haz\u0131rlad\u0131\u011f\u0131 hesabatda Az\u0259rbaycanda q\u0259tl\u0259 yetirilmi\u015f jurnalistl\u0259r \u2013 <strong>Elmar H\u00fcseynov (2005) v\u0259 Rafiq Ta\u011f\u0131n\u0131n<\/strong> (2011) da ad\u0131 ke\u00e7ir. Bundan ba\u015fqa, Rusiyada q\u0259tl\u0259 yetirilmi\u015f Paul Klebnikov (2004) v\u0259 Anna Politkovskaya (2006), Serbiyada q\u0259tl\u0259 yetirilmi\u015f Dada Vuyasinovi\u00e7 (1994) v\u0259 Milan Pantic (2001), T\u00fcrkiy\u0259d\u0259 q\u0259tl\u0259 yetirilmi\u015f Hrant Dink (2007), B\u00f6y\u00fck Britaniyada q\u0259tl\u0259 yetirilmi\u015f Martin O`Haqan (2001), Ukraynada q\u0259tl\u0259 yetirilmi\u015f Qeorqiy Qonqadze v\u0259 Vasil Klementiyev adl\u0131 jurnalistl\u0259rin d\u0259 ad\u0131 ke\u00e7\u0259n bu hesabatla ba\u011fl\u0131 ayr\u0131ca q\u0259tnam\u0259nin q\u0259bul edil\u0259c\u0259yi g\u00f6zl\u0259nilir.<\/p>\n<p>A\u015ePA-da ke\u00e7iril\u0259c\u0259k h\u0259min m\u00fczakir\u0259l\u0259rd\u0259 Az\u0259rbaycan Demokratiya v\u0259 \u0130nsan Haqlar\u0131 \u0130nstitutunun r\u0259hb\u0259ri \u018fhm\u0259d \u015eahidov da yax\u0131ndan i\u015ftirak ed\u0259c\u0259k. H\u00fcquq m\u00fcdafi\u0259\u00e7isinin A\u015ePA Prezidenti xan\u0131m Anna Brassur v\u0259 A\u015e \u0130nsan Haqlar\u0131 \u00fczr\u0259 Komissar\u0131 c\u0259nab Nils Muiznieks il\u0259 d\u0259 g\u00f6r\u00fc\u015fl\u0259ri planla\u015fd\u0131r\u0131l\u0131r.<\/p>\n","protected":false},"excerpt":{"rendered":"<p>Yanvar\u0131n 28-d\u0259 Avropa \u015euras\u0131 Parlament Assambleyas\u0131n\u0131n Q\u0131\u015f Sessiyas\u0131nda Elmar H\u00fcseynov v\u0259 Rafiq Ta\u011f\u0131n\u0131n q\u0259tl\u0259 yetirilm\u0259si d\u0259 m\u00fczakir\u0259 olunacaq Yanvar ay\u0131n\u0131n 26-da Fransan\u0131n Strasburq \u015f\u0259h\u0259rind\u0259 Avropa \u015euras\u0131 Parlament Assambleyas\u0131n\u0131n Q\u0131\u015f Sessiyas\u0131&hellip; <\/p>\n","protected":false},"author":1,"featured_media":6706,"comment_status":"open","ping_status":"open","sticky":false,"template":"","format":"standard","meta":{"_jetpack_memberships_contains_paid_content":false,"footnotes":""},"categories":[97,17],"tags":[],"class_list":["post-7033","post","type-post","status-publish","format-standard","has-post-thumbnail","hentry","category-avropa-surasi-parlament-assambleyasinda-faliyyt","category-xbrlr"],"jetpack_featured_media_url":"https:\/\/www.shahidov.com\/wp-content\/uploads\/2014\/10\/aspa.jpg","jetpack_sharing_enabled":true,"_links":{"self":[{"href":"https:\/\/www.shahidov.com\/index.php?rest_route=\/wp\/v2\/posts\/7033","targetHints":{"allow":["GET"]}}],"collection":[{"href":"https:\/\/www.shahidov.com\/index.php?rest_route=\/wp\/v2\/posts"}],"about":[{"href":"https:\/\/www.shahidov.com\/index.php?rest_route=\/wp\/v2\/types\/post"}],"author":[{"embeddable":true,"href":"https:\/\/www.shahidov.com\/index.php?rest_route=\/wp\/v2\/users\/1"}],"replies":[{"embeddable":true,"href":"https:\/\/www.shahidov.com\/index.php?rest_route=%2Fwp%2Fv2%2Fcomments&post=7033"}],"version-history":[{"count":1,"href":"https:\/\/www.shahidov.com\/index.php?rest_route=\/wp\/v2\/posts\/7033\/revisions"}],"predecessor-version":[{"id":7034,"href":"https:\/\/www.shahidov.com\/index.php?rest_route=\/wp\/v2\/posts\/7033\/revisions\/7034"}],"wp:featuredmedia":[{"embeddable":true,"href":"https:\/\/www.shahidov.com\/index.php?rest_route=\/wp\/v2\/media\/6706"}],"wp:attachment":[{"href":"https:\/\/www.shahidov.com\/index.php?rest_route=%2Fwp%2Fv2%2Fmedia&parent=7033"}],"wp:term":[{"taxonomy":"category","embeddable":true,"href":"https:\/\/www.shahidov.com\/index.php?rest_route=%2Fwp%2Fv2%2Fcategories&post=7033"},{"taxonomy":"post_tag","embeddable":true,"href":"https:\/\/www.shahidov.com\/index.php?rest_route=%2Fwp%2Fv2%2Ftags&post=7033"}],"curies":[{"name":"wp","href":"https:\/\/api.w.org\/{rel}","templated":true}]}}