{"id":6941,"date":"2014-11-22T20:32:57","date_gmt":"2014-11-22T16:32:57","guid":{"rendered":"https:\/\/www.shahidov.com\/?p=6941"},"modified":"2014-11-22T20:32:57","modified_gmt":"2014-11-22T16:32:57","slug":"%c9%99hm%c9%99d-sahidov-at%c9%99t-nazirl%c9%99r-surasinin-21-ci-iclasinda-istirak-ed%c9%99c%c9%99k","status":"publish","type":"post","link":"https:\/\/www.shahidov.com\/?p=6941","title":{"rendered":"\u018fhm\u0259d \u015eahidov AT\u018fT Nazirl\u0259r \u015euras\u0131n\u0131n 21-ci iclas\u0131nda i\u015ftirak ed\u0259c\u0259k"},"content":{"rendered":"<p><strong><a href=\"https:\/\/www.shahidov.com\/wp-content\/uploads\/2014\/11\/osce_nazirler292.jpg\"><img loading=\"lazy\" decoding=\"async\" class=\"alignleft size-full wp-image-6942\" src=\"https:\/\/www.shahidov.com\/wp-content\/uploads\/2014\/11\/osce_nazirler292.jpg\" alt=\"osce_nazirler292\" width=\"292\" height=\"292\" \/><\/a>Az\u0259rbaycan Demokratiya v\u0259 \u0130nsan Haqlar\u0131 \u0130nstitutu AT\u018fT Nazirl\u0259r \u015euras\u0131nda akkreditasiya h\u00fcququ qazan\u0131b<\/strong><\/p>\n<p>4-5 Dekabr tarixl\u0259rind\u0259 \u0130sve\u00e7r\u0259nin Bazel \u015f\u0259h\u0259rind\u0259 AT\u018fT Nazirl\u0259r \u015euras\u0131n\u0131n 21-ci iclas\u0131 ke\u00e7iril\u0259c\u0259k. \u0130ld\u0259 bir d\u0259f\u0259 ke\u00e7iril\u0259n bu n\u00fcfuzlu beyn\u0259lxalq t\u0259dbird\u0259 AT\u018fT \u00fczv\u00fc olan \u00f6lk\u0259l\u0259rin xarici i\u015fl\u0259r nazirl\u0259ri, habel\u0259 d\u00f6vl\u0259t v\u0259 h\u00f6kum\u0259t r\u0259smil\u0259ri i\u015ftirak edirl\u0259r. 1991-ci ild\u0259n b\u0259ri ke\u00e7iril\u0259n \u0259n\u0259n\u0259vi toplant\u0131 AT\u018fT \u00fczv\u00fc olan \u00f6lk\u0259l\u0259rd\u0259 ba\u015f ver\u0259n hadis\u0259l\u0259rin m\u00fczakir\u0259si v\u0259 g\u0259l\u0259c\u0259kl\u0259 ba\u011fl\u0131 q\u0259rarlar\u0131n q\u0259bul edilm\u0259si m\u0259qs\u0259di da\u015f\u0131y\u0131r.<\/p>\n<p>Bazel \u015f\u0259h\u0259rind\u0259 ke\u00e7iril\u0259c\u0259k bu d\u0259f\u0259ki toplant\u0131da AT\u018fT \u00f6lk\u0259l\u0259rind\u0259 ba\u015f ver\u0259n hadis\u0259l\u0259r, x\u00fcsus\u0259n d\u0259 \u00f6lk\u0259l\u0259rin \u0259razi b\u00fct\u00f6vl\u00fcy\u00fc v\u0259 terrorla m\u00fcbariz\u0259 m\u0259s\u0259l\u0259l\u0259ri ciddi m\u00fczakir\u0259 olunacaq. Az\u0259rbaycan\u0131n xarici i\u015fl\u0259r naziri Elmar M\u0259mm\u0259dyarovun da i\u015ftirak ed\u0259c\u0259yi bu toplant\u0131ya qat\u0131lacaq Az\u0259rbaycan Demokratiya v\u0259 \u0130nsan Haqlar\u0131 \u0130nstitutunun r\u0259hb\u0259ri \u018fhm\u0259d \u015eahidov r\u0259hb\u0259rlik etdiyi t\u0259\u015fkilat\u0131n AT\u018fT \u0130sve\u00e7r\u0259 S\u0259drliyi t\u0259r\u0259find\u0259n h\u0259min t\u0259dbir\u0259 akkreditasiya olundu\u011funu bildirib: \u201cAD\u0130H\u0130 Bazel \u015f\u0259h\u0259rind\u0259 ke\u00e7iril\u0259c\u0259k AT\u018fT Nazirl\u0259r \u015euras\u0131nda m\u00fc\u015fahid\u0259\u00e7i qismind\u0259 i\u015ftirak h\u00fcququ qazan\u0131b. M\u00fcraci\u0259timiz\u0259 m\u00fcsb\u0259t cavab ver\u0259n AT\u018fT \u0130s\u00e7evr\u0259 S\u0259drliyi t\u0259\u015fkilat\u0131m\u0131z\u0131n akkreditasiyas\u0131n\u0131 qeyd\u0259 al\u0131b. Odur ki, m\u0259n \u0130s\u00e7evr\u0259d\u0259 ke\u00e7iril\u0259c\u0259k bu t\u0259dbird\u0259 i\u015ftirak etm\u0259k \u00fc\u00e7\u00fcn ay\u0131n ax\u0131r\u0131 \u0130sve\u00e7r\u0259y\u0259 yola d\u00fc\u015f\u0259c\u0259m.\u201d<\/p>\n<p>AT\u018fT Nazirl\u0259r \u015euras\u0131n\u0131n bu d\u0259f\u0259ki toplant\u0131s\u0131nda \u00f6lk\u0259l\u0259rin \u0259razi b\u00fct\u00f6vl\u00fcy\u00fcn\u00fcn v\u0259 terrorla m\u00fcbariz\u0259 m\u0259s\u0259l\u0259l\u0259rinin prioritet olaca\u011f\u0131n\u0131 vur\u011fulayan AD\u0130H\u0130 r\u0259hb\u0259ri Da\u011fl\u0131q Qaraba\u011f konfliktinin d\u0259 m\u00fczakir\u0259 olunaca\u011f\u0131n\u0131 istisna etm\u0259yib: \u201cBu d\u0259f\u0259ki m\u00fczakir\u0259l\u0259rd\u0259 \u0259sas\u0259n Ukraynan\u0131n timsal\u0131nda \u00f6lk\u0259l\u0259rin \u0259razi b\u00fct\u00f6vl\u00fcy\u00fc v\u0259 terrorla m\u00fcbariz\u0259 m\u0259s\u0259l\u0259l\u0259ri daha \u00e7ox diqq\u0259td\u0259 olacaq. Az\u0259rbaycan da bu problemd\u0259n \u0259ziyy\u0259t \u00e7\u0259k\u0259n \u00f6lk\u0259 kimi bu m\u0259s\u0259l\u0259d\u0259 t\u0259\u015f\u0259bb\u00fcs g\u00f6st\u0259rm\u0259li v\u0259 Da\u011fl\u0131q Qaraba\u011f konfliktini bir daha g\u00fcnd\u0259m\u0259 \u00e7\u0131xarmal\u0131d\u0131r. AT\u018fT Da\u011fl\u0131q Qaraba\u011f konfliktinin h\u0259ll olunmas\u0131nda vasit\u0259\u00e7ilik missiyas\u0131n\u0131 \u00f6z \u00fcz\u0259rin\u0259 g\u00f6t\u00fcrm\u00fc\u015f bir qurum kimi m\u0259s\u0259l\u0259y\u0259 h\u00fcquqi qiym\u0259t verm\u0259lidir. D\u00fc\u015f\u00fcn\u00fcr\u0259m ki, AT\u018fT Nazirl\u0259r \u015euras\u0131n\u0131n 21-ci toplant\u0131s\u0131 Az\u0259rbaycan \u00fc\u00e7\u00fcn faydal\u0131 olacaq.\u201d<\/p>\n","protected":false},"excerpt":{"rendered":"<p>Az\u0259rbaycan Demokratiya v\u0259 \u0130nsan Haqlar\u0131 \u0130nstitutu AT\u018fT Nazirl\u0259r \u015euras\u0131nda akkreditasiya h\u00fcququ qazan\u0131b 4-5 Dekabr tarixl\u0259rind\u0259 \u0130sve\u00e7r\u0259nin Bazel \u015f\u0259h\u0259rind\u0259 AT\u018fT Nazirl\u0259r \u015euras\u0131n\u0131n 21-ci iclas\u0131 ke\u00e7iril\u0259c\u0259k. \u0130ld\u0259 bir d\u0259f\u0259 ke\u00e7iril\u0259n bu n\u00fcfuzlu&hellip; <\/p>\n","protected":false},"author":1,"featured_media":6942,"comment_status":"open","ping_status":"open","sticky":false,"template":"","format":"standard","meta":{"_jetpack_memberships_contains_paid_content":false,"footnotes":""},"categories":[17],"tags":[],"class_list":["post-6941","post","type-post","status-publish","format-standard","has-post-thumbnail","hentry","category-xbrlr"],"jetpack_featured_media_url":"https:\/\/www.shahidov.com\/wp-content\/uploads\/2014\/11\/osce_nazirler292.jpg","jetpack_sharing_enabled":true,"_links":{"self":[{"href":"https:\/\/www.shahidov.com\/index.php?rest_route=\/wp\/v2\/posts\/6941","targetHints":{"allow":["GET"]}}],"collection":[{"href":"https:\/\/www.shahidov.com\/index.php?rest_route=\/wp\/v2\/posts"}],"about":[{"href":"https:\/\/www.shahidov.com\/index.php?rest_route=\/wp\/v2\/types\/post"}],"author":[{"embeddable":true,"href":"https:\/\/www.shahidov.com\/index.php?rest_route=\/wp\/v2\/users\/1"}],"replies":[{"embeddable":true,"href":"https:\/\/www.shahidov.com\/index.php?rest_route=%2Fwp%2Fv2%2Fcomments&post=6941"}],"version-history":[{"count":1,"href":"https:\/\/www.shahidov.com\/index.php?rest_route=\/wp\/v2\/posts\/6941\/revisions"}],"predecessor-version":[{"id":6943,"href":"https:\/\/www.shahidov.com\/index.php?rest_route=\/wp\/v2\/posts\/6941\/revisions\/6943"}],"wp:featuredmedia":[{"embeddable":true,"href":"https:\/\/www.shahidov.com\/index.php?rest_route=\/wp\/v2\/media\/6942"}],"wp:attachment":[{"href":"https:\/\/www.shahidov.com\/index.php?rest_route=%2Fwp%2Fv2%2Fmedia&parent=6941"}],"wp:term":[{"taxonomy":"category","embeddable":true,"href":"https:\/\/www.shahidov.com\/index.php?rest_route=%2Fwp%2Fv2%2Fcategories&post=6941"},{"taxonomy":"post_tag","embeddable":true,"href":"https:\/\/www.shahidov.com\/index.php?rest_route=%2Fwp%2Fv2%2Ftags&post=6941"}],"curies":[{"name":"wp","href":"https:\/\/api.w.org\/{rel}","templated":true}]}}