{"id":5038,"date":"2013-04-28T23:29:58","date_gmt":"2013-04-28T19:29:58","guid":{"rendered":"https:\/\/www.shahidov.com\/?p=5038"},"modified":"2013-04-28T23:32:16","modified_gmt":"2013-04-28T19:32:16","slug":"sifir-noqt%c9%99si-romani-turk-dunyasinin-birliyind%c9%99n-b%c9%99hs-ed%c9%99c%c9%99k","status":"publish","type":"post","link":"https:\/\/www.shahidov.com\/?p=5038","title":{"rendered":"\u201cS\u0131f\u0131r n\u00f6qt\u0259si\u201d roman\u0131 T\u00fcrk d\u00fcnyas\u0131n\u0131n birliyind\u0259n b\u0259hs ed\u0259c\u0259k"},"content":{"rendered":"<p><strong><a href=\"https:\/\/www.shahidov.com\/wp-content\/uploads\/ahmad27.jpg\"><img loading=\"lazy\" decoding=\"async\" class=\"alignleft size-thumbnail wp-image-5039\" alt=\"ahmad\" src=\"https:\/\/www.shahidov.com\/wp-content\/uploads\/ahmad27-292x292.jpg\" width=\"292\" height=\"292\" \/><\/a>G\u0259nc yazar \u018fhm\u0259d \u015eahidov n\u00f6vb\u0259ti roman\u0131n\u0131 tamamlay\u0131b<\/strong><br \/>\nSon alt\u0131 ay \u0259rzind\u0259 \u00fcz\u0259rind\u0259 \u00e7al\u0131\u015fd\u0131\u011f\u0131 v\u0259 \u00f6t\u0259n g\u00fcn bitirdiyi yeni roman\u0131 haqq\u0131nda dan\u0131\u015fan g\u0259nc yazar \u018fhm\u0259d \u015eahidov oxucular\u0131na yeni \u0259s\u0259rini t\u0259qdim etm\u0259y\u0259 haz\u0131rla\u015f\u0131r. \u201cS\u0131f\u0131r n\u00f6qt\u0259si\u201d adnanan bu roman bar\u0259d\u0259 m\u0259lumat ver\u0259n yazar \u0259s\u0259rinin T\u00fcrk d\u00fcnyas\u0131n\u0131n birliyind\u0259n b\u0259hs etdiyini s\u00f6yl\u0259di: \u201cRoman\u0131m\u0131 \u00f6t\u0259n g\u00fcn bitirmi\u015f\u0259m, \u00e7ox ciddi yana\u015f\u0131rd\u0131m bu \u0259s\u0259r\u0259. T\u00fcrk d\u00fcnyas\u0131n\u0131n birliyind\u0259n b\u0259hs ed\u0259c\u0259k bu roman\u0131m\u0131 \u015eimali Kipr prezidenti Dervi\u015f Ero\u011flunun ist\u0259yi il\u0259 q\u0259l\u0259m\u0259 alm\u0131\u015fam. \u00d6t\u0259n ilin Dekabr ay\u0131nda Lefko\u015fada olark\u0259n, bu \u00f6lk\u0259nin prezidentinin r\u0259smi q\u0259bulund\u0259 oldum v\u0259 bel\u0259 bir \u0259s\u0259r yazmaq bar\u0259d\u0259 \u015f\u0259xs\u0259n prezidentd\u0259n t\u0259klif ald\u0131m.\u201d<br \/>\n\u201cS\u0131f\u0131r n\u00f6qt\u0259si\u201d adlanan yeni roman\u0131 bar\u0259d\u0259 dan\u0131\u015fan m\u00fc\u0259llif \u0259s\u0259rin \u0259sas s\u00fcjet x\u0259tti bar\u0259d\u0259 d\u0259 dan\u0131\u015fd\u0131: \u201cRoman\u0131n \u0259sas q\u0259hr\u0259man\u0131 Azad adl\u0131 g\u0259nc bir az\u0259rbaycanl\u0131 o\u011fland\u0131r. Az\u0259rbaycanda do\u011fulan v\u0259 daha sonra t\u0259hsil dal\u0131yca \u015eimali Kipr\u0259 yollanan Azad universiteti bitirdikd\u0259n sonra orada qal\u0131r v\u0259 Kiprin ictimai-siyasi h\u0259yat\u0131nda f\u0259al rol oynama\u011fa ba\u015flay\u0131r. Roman\u0131mda T\u00fcrk d\u00fcnyas\u0131n\u0131n bug\u00fcn \u00fczl\u0259\u015fdiyi probleml\u0259r \u2013 Da\u011fl\u0131q Qaraba\u011f konflikti, Kipr problemi, C\u0259nubi Az\u0259rbaycandak\u0131 soyda\u015flar\u0131m\u0131z, muxtar T\u00fcrk C\u00fcmhuriyy\u0259tl\u0259rind\u0259ki etnik m\u0259s\u0259l\u0259l\u0259r i\u015f\u0131qland\u0131r\u0131l\u0131b. \u201cS\u0131f\u0131r n\u00f6qt\u0259si\u201d roman\u0131 T\u00fcrk d\u00fcnyas\u0131n\u0131n g\u0259l\u0259c\u0259yini t\u0259svir ed\u0259n bir \u0259s\u0259rdir v\u0259 bu roman\u0131mda m\u0259n bir yazar olaraq, yax\u0131n 10-15 ild\u0259 Az\u0259rbaycan da daxil olmaqla, b\u00fct\u00fcn T\u00fcrk dilli \u00f6lk\u0259l\u0259rd\u0259 ba\u015f ver\u0259c\u0259k hadis\u0259l\u0259ri proqnoz etm\u0259y\u0259 \u00e7al\u0131\u015fm\u0131\u015fam.\u201d<br \/>\nRoman\u0131n ad\u0131na diqq\u0259t \u00e7\u0259k\u0259n m\u00fc\u0259llif bunu ikiy\u0259 b\u00f6l\u00fcnm\u00fc\u015f Kiprin v\u0259 onun paytaxt\u0131 Lefko\u015fa \u015f\u0259h\u0259rinin s\u0259rh\u0259d ke\u00e7id m\u0259nt\u0259q\u0259sind\u0259 yerl\u0259\u015f\u0259n v\u0259 \u201cS\u0131f\u0131r n\u00f6qt\u0259si\u201d adlanan \u0259razi il\u0259 \u0259laq\u0259l\u0259ndirdi: \u201cM\u0259n d\u0259f\u0259l\u0259rl\u0259 Kiprd\u0259 olmu\u015fam, bu probleml\u0259 yax\u0131ndan tan\u0131\u015fam, Kiprin tarixini d\u0259rind\u0259n ara\u015fd\u0131rm\u0131\u015fam, adadak\u0131 T\u00fcrkl\u0259rin tarix boyu etnik t\u0259mizl\u0259m\u0259l\u0259r\u0259, h\u00fccumlara m\u0259ruz qald\u0131\u011f\u0131n\u0131 bilir\u0259m. \u0130kiy\u0259 b\u00f6l\u00fcnm\u00fc\u015f Lefko\u015fa \u015f\u0259h\u0259rinin Lokmac\u0131 s\u0259rh\u0259d ke\u00e7id qap\u0131s\u0131n\u0131n yax\u0131nl\u0131\u011f\u0131nda \u201cS\u0131f\u0131r n\u00f6qt\u0259si\u201d adlanan yer var. M\u0259hz bu \u0259razi Kipr adas\u0131n\u0131n d\u00fcz ortas\u0131, m\u0259rk\u0259zi say\u0131l\u0131r. Ona g\u00f6r\u0259 d\u0259, roman\u0131m\u0131 h\u0259min \u0259razinin ad\u0131ndan g\u00f6t\u00fcrm\u0259k q\u0259rar\u0131na g\u0259ldim. Bundan ba\u015fqa, d\u00fc\u015f\u00fcn\u00fcr\u0259m ki, Az\u0259rbaycan da daxil olmaqla, dig\u0259r T\u00fcrk d\u00f6vl\u0259tl\u0259ri tarix boyu itirdikl\u0259ri torpaqlar\u0131 geri qaytarmaqla, \u00f6z\u00fcn\u00fcn ba\u015flan\u011f\u0131c n\u00f6qt\u0259sin\u0259, y\u0259ni s\u0131f\u0131r n\u00f6qt\u0259sin\u0259 qay\u0131da bil\u0259c\u0259kl\u0259r.\u201d<br \/>\n\u201cS\u0131f\u0131r n\u00f6qt\u0259si\u201d roman\u0131n\u0131n yay\u0131n ilk aylar\u0131nda sat\u0131\u015fda olaca\u011f\u0131n\u0131 bildir\u0259n \u018fhm\u0259d \u015eahidov \u0259s\u0259rin T\u00fcrkiy\u0259 t\u00fcrkc\u0259sin\u0259 d\u0259 t\u0259rc\u00fcm\u0259 edilib, T\u00fcrkiy\u0259 v\u0259 \u015eimali Kiprd\u0259 sat\u0131\u015fa \u00e7\u0131xar\u0131laca\u011f\u0131n\u0131, daha sonra h\u0259min \u00f6lk\u0259l\u0259rd\u0259 t\u0259qdimat m\u0259rasiml\u0259rinin t\u0259\u015fkil olunaca\u011f\u0131n\u0131 bildirdi.<\/p>\n","protected":false},"excerpt":{"rendered":"<p>G\u0259nc yazar \u018fhm\u0259d \u015eahidov n\u00f6vb\u0259ti roman\u0131n\u0131 tamamlay\u0131b Son alt\u0131 ay \u0259rzind\u0259 \u00fcz\u0259rind\u0259 \u00e7al\u0131\u015fd\u0131\u011f\u0131 v\u0259 \u00f6t\u0259n g\u00fcn bitirdiyi yeni roman\u0131 haqq\u0131nda dan\u0131\u015fan g\u0259nc yazar \u018fhm\u0259d \u015eahidov oxucular\u0131na yeni \u0259s\u0259rini t\u0259qdim etm\u0259y\u0259&hellip; <\/p>\n","protected":false},"author":1,"featured_media":0,"comment_status":"open","ping_status":"open","sticky":false,"template":"","format":"standard","meta":{"_jetpack_memberships_contains_paid_content":false,"footnotes":""},"categories":[17],"tags":[],"class_list":["post-5038","post","type-post","status-publish","format-standard","hentry","category-xbrlr"],"jetpack_featured_media_url":"","jetpack_sharing_enabled":true,"_links":{"self":[{"href":"https:\/\/www.shahidov.com\/index.php?rest_route=\/wp\/v2\/posts\/5038","targetHints":{"allow":["GET"]}}],"collection":[{"href":"https:\/\/www.shahidov.com\/index.php?rest_route=\/wp\/v2\/posts"}],"about":[{"href":"https:\/\/www.shahidov.com\/index.php?rest_route=\/wp\/v2\/types\/post"}],"author":[{"embeddable":true,"href":"https:\/\/www.shahidov.com\/index.php?rest_route=\/wp\/v2\/users\/1"}],"replies":[{"embeddable":true,"href":"https:\/\/www.shahidov.com\/index.php?rest_route=%2Fwp%2Fv2%2Fcomments&post=5038"}],"version-history":[{"count":0,"href":"https:\/\/www.shahidov.com\/index.php?rest_route=\/wp\/v2\/posts\/5038\/revisions"}],"wp:attachment":[{"href":"https:\/\/www.shahidov.com\/index.php?rest_route=%2Fwp%2Fv2%2Fmedia&parent=5038"}],"wp:term":[{"taxonomy":"category","embeddable":true,"href":"https:\/\/www.shahidov.com\/index.php?rest_route=%2Fwp%2Fv2%2Fcategories&post=5038"},{"taxonomy":"post_tag","embeddable":true,"href":"https:\/\/www.shahidov.com\/index.php?rest_route=%2Fwp%2Fv2%2Ftags&post=5038"}],"curies":[{"name":"wp","href":"https:\/\/api.w.org\/{rel}","templated":true}]}}