{"id":4528,"date":"2013-01-27T23:55:21","date_gmt":"2013-01-27T19:55:21","guid":{"rendered":"https:\/\/www.shahidov.com\/?p=4528"},"modified":"2013-01-28T19:00:06","modified_gmt":"2013-01-28T15:00:06","slug":"turan-strateji-arasdirmalari-m%c9%99rk%c9%99zi-tursam-t%c9%99sis-edildi","status":"publish","type":"post","link":"https:\/\/www.shahidov.com\/?p=4528","title":{"rendered":"\u018fhm\u0259d \u015eahidov TURSAM Strateji Ara\u015fd\u0131rmalar M\u0259rk\u0259zinin r\u0259hb\u0259ri se\u00e7ildi"},"content":{"rendered":"<p><a href=\"https:\/\/www.shahidov.com\/wp-content\/uploads\/tursam.jpg\"><img loading=\"lazy\" decoding=\"async\" class=\"alignleft size-full wp-image-4543\" alt=\"tursam\" src=\"https:\/\/www.shahidov.com\/wp-content\/uploads\/tursam.jpg\" width=\"292\" height=\"292\" \/><\/a>Yanvar ay\u0131n\u0131n 27-d\u0259 bir qrup g\u0259nc ara\u015fd\u0131rma\u00e7\u0131 v\u0259 elm adam\u0131 t\u0259r\u0259find\u0259n TURSAM Strateji Ara\u015fd\u0131rmalar M\u0259rk\u0259zinin \u0259sas\u0131 qoyulmu\u015fdur. Q\u0131saca TURSAM adlanacaq bu t\u0259\u015fkilat\u0131n s\u0259drliyin\u0259 g\u0259nc yazar v\u0259 alim \u018fhm\u0259d \u015eahidov se\u00e7ilmi\u015fdir. T\u00fcrk d\u00fcnyas\u0131 il\u0259 s\u0131x m\u00fcnasib\u0259tl\u0259r\u0259 malik insanlardan ibar\u0259t bu t\u0259\u015fkilat\u0131n s\u0259dri \u018fhm\u0259d \u015eahidovla s\u00f6hb\u0259t zaman\u0131 yeni t\u0259sis edilmi\u015f TURSAM t\u0259\u015fkilat\u0131n\u0131n yaranmas\u0131, m\u0259qs\u0259di, f\u0259aliyy\u0259t istiqam\u0259tl\u0259ri v\u0259 planlar\u0131 bar\u0259d\u0259 soru\u015fduq.<br \/>\nM\u00fcxbirimizl\u0259 s\u00f6hb\u0259t zaman\u0131 TURSAM ba\u015fqan\u0131 \u018fhm\u0259d \u015eahidov bildirdi ki, son ill\u0259r T\u00fcrkiy\u0259, \u015eimali Kipr, Q\u0131r\u011f\u0131z\u0131stan, Qazax\u0131stan v\u0259 C\u0259nubi Az\u0259rbaycana i\u015fg\u00fczar s\u0259f\u0259rl\u0259ri zaman\u0131 T\u00fcrk co\u011frafiyas\u0131nda t\u00fck\u0259nm\u0259z probleml\u0259rin oldu\u011funun \u015fahidi olmu\u015f v\u0259 bu probleml\u0259rin h\u0259lli istiqam\u0259tind\u0259 apar\u0131lan i\u015fl\u0259r\u0259 \u00f6z t\u00f6hf\u0259sini verm\u0259k q\u0259rar\u0131na g\u0259lmi\u015fdir: \u201cBiz TURSAM t\u0259\u015fkilat\u0131n\u0131 yaradark\u0259n qar\u015f\u0131m\u0131za konkret m\u0259qs\u0259dl\u0259r qoymu\u015fuq \u2013 b\u00fct\u00fcn d\u00fcnyaya s\u0259p\u0259l\u0259nmi\u015f t\u00fcrkl\u0259rin tan\u0131d\u0131lmas\u0131, \u00f6z milli kimliyini unutmaqda olan T\u00fcrk insan\u0131n\u0131n yadda\u015f\u0131n\u0131 t\u0259z\u0259l\u0259m\u0259k v\u0259 babalar\u0131m\u0131z\u0131n biz\u0259 bir v\u0259zif\u0259 olaraq qoyub getdiyi B\u00f6y\u00fck Turan ideyas\u0131n\u0131n realla\u015fmas\u0131 \u00fc\u00e7\u00fcn \u00f6z fikir v\u0259 t\u00f6hf\u0259l\u0259rimizi verm\u0259k. T\u0259\u015fkilat\u0131m\u0131z\u0131n ad\u0131nda da Turan ifad\u0259sinin se\u00e7ilm\u0259si m\u0259hz bu ist\u0259kd\u0259n ir\u0259li g\u0259lir. D\u00fc\u015f\u00fcn\u00fcr\u0259m ki, yeni yarad\u0131lm\u0131\u015f TURSAM Strateji Ara\u015fd\u0131rmalar M\u0259rk\u0259zi\u00a0q\u0131sa zaman \u0259rzind\u0259 b\u00fct\u00fcn d\u00fcnyadak\u0131 t\u00fcrkl\u0259rin milli t\u0259\u015fkilat\u0131na \u00e7evril\u0259c\u0259k.\u201d<br \/>\nHe\u00e7 bir siyasi iddialar\u0131 olmayan TURSAM t\u0259\u015fkilat\u0131n\u0131n g\u0259l\u0259c\u0259kd\u0259 Az\u0259rbaycan da daxil olmaqla, dig\u0259r T\u00fcrk C\u00fcmhuriyy\u0259tl\u0259rind\u0259 silsil\u0259 layih\u0259l\u0259r ke\u00e7ir\u0259c\u0259yini bildir\u0259n \u018fhm\u0259d \u015eahidov ilk b\u00f6y\u00fck t\u0259dbirin 26 Fevral Xocal\u0131 soyq\u0131r\u0131m\u0131 g\u00fcn\u00fc ke\u00e7iril\u0259c\u0259yini bildirdi: \u201cTURSAM t\u0259\u015fkilat\u0131 olaraq, biz t\u0259kc\u0259 T\u00fcrk co\u011frafiyas\u0131nda deyil, habel\u0259 qon\u015fu regionlarda, Rusiya, \u0130ran, Yax\u0131n \u015e\u0259rq \u00f6lk\u0259l\u0259rind\u0259 ba\u015f ver\u0259n prosesl\u0259ri yax\u0131ndan izl\u0259y\u0259c\u0259k v\u0259 m\u00fct\u0259madi olaraq analizl\u0259rimizi, fikir v\u0259 m\u00f6vqel\u0259rimizi ortaya qoyacay\u0131q.\u201d<br \/>\nB\u00fct\u00fcn T\u00fcrk d\u00f6vl\u0259tl\u0259rind\u0259 n\u00fcmay\u0259nd\u0259l\u0259rikl\u0259rinin yarad\u0131ld\u0131\u011f\u0131n\u0131 bildir\u0259n TURSAM ba\u015fqan\u0131 \u018fhm\u0259d \u015eahidov r\u0259hb\u0259rlik etdiyi qurumun internet sayt\u0131n\u0131n (<a href=\"http:\/\/www.tursam.org\/\" target=\"_blank\"><strong>www.tursam.org<\/strong><\/a>) da f\u0259aliyy\u0259t g\u00f6st\u0259rdiyini bildirdi.<\/p>\n<p>TURSAM M\u0259tbuat Xidm\u0259ti<\/p>\n","protected":false},"excerpt":{"rendered":"<p>Yanvar ay\u0131n\u0131n 27-d\u0259 bir qrup g\u0259nc ara\u015fd\u0131rma\u00e7\u0131 v\u0259 elm adam\u0131 t\u0259r\u0259find\u0259n TURSAM Strateji Ara\u015fd\u0131rmalar M\u0259rk\u0259zinin \u0259sas\u0131 qoyulmu\u015fdur. Q\u0131saca TURSAM adlanacaq bu t\u0259\u015fkilat\u0131n s\u0259drliyin\u0259 g\u0259nc yazar v\u0259 alim \u018fhm\u0259d \u015eahidov se\u00e7ilmi\u015fdir.&hellip; <\/p>\n","protected":false},"author":1,"featured_media":4543,"comment_status":"open","ping_status":"open","sticky":false,"template":"","format":"standard","meta":{"_jetpack_memberships_contains_paid_content":false,"footnotes":""},"categories":[17],"tags":[],"class_list":["post-4528","post","type-post","status-publish","format-standard","has-post-thumbnail","hentry","category-xbrlr"],"jetpack_featured_media_url":"https:\/\/www.shahidov.com\/wp-content\/uploads\/tursam.jpg","jetpack_sharing_enabled":true,"_links":{"self":[{"href":"https:\/\/www.shahidov.com\/index.php?rest_route=\/wp\/v2\/posts\/4528","targetHints":{"allow":["GET"]}}],"collection":[{"href":"https:\/\/www.shahidov.com\/index.php?rest_route=\/wp\/v2\/posts"}],"about":[{"href":"https:\/\/www.shahidov.com\/index.php?rest_route=\/wp\/v2\/types\/post"}],"author":[{"embeddable":true,"href":"https:\/\/www.shahidov.com\/index.php?rest_route=\/wp\/v2\/users\/1"}],"replies":[{"embeddable":true,"href":"https:\/\/www.shahidov.com\/index.php?rest_route=%2Fwp%2Fv2%2Fcomments&post=4528"}],"version-history":[{"count":0,"href":"https:\/\/www.shahidov.com\/index.php?rest_route=\/wp\/v2\/posts\/4528\/revisions"}],"wp:featuredmedia":[{"embeddable":true,"href":"https:\/\/www.shahidov.com\/index.php?rest_route=\/wp\/v2\/media\/4543"}],"wp:attachment":[{"href":"https:\/\/www.shahidov.com\/index.php?rest_route=%2Fwp%2Fv2%2Fmedia&parent=4528"}],"wp:term":[{"taxonomy":"category","embeddable":true,"href":"https:\/\/www.shahidov.com\/index.php?rest_route=%2Fwp%2Fv2%2Fcategories&post=4528"},{"taxonomy":"post_tag","embeddable":true,"href":"https:\/\/www.shahidov.com\/index.php?rest_route=%2Fwp%2Fv2%2Ftags&post=4528"}],"curies":[{"name":"wp","href":"https:\/\/api.w.org\/{rel}","templated":true}]}}