{"id":20540,"date":"2026-04-25T20:05:05","date_gmt":"2026-04-25T16:05:05","guid":{"rendered":"https:\/\/www.shahidov.com\/?p=20540"},"modified":"2026-04-25T20:05:05","modified_gmt":"2026-04-25T16:05:05","slug":"aspanin-yaz-sessiyasi-qlobal-bohranlarin-muzakir%c9%99si-il%c9%99-yekunlasdi-huquq-mudafi%c9%99cisi-ehm%c9%99d-sahidov-s%c9%99rh-edib","status":"publish","type":"post","link":"https:\/\/www.shahidov.com\/?p=20540","title":{"rendered":"A\u015ePA`n\u0131n yaz sessiyas\u0131 qlobal b\u00f6hranlar\u0131n m\u00fczakir\u0259si il\u0259 yekunla\u015fd\u0131 \u2013 h\u00fcquq m\u00fcdafi\u0259\u00e7isi \u018fhm\u0259d \u015eahidov \u015f\u0259rh edib"},"content":{"rendered":"<p><iframe loading=\"lazy\" title=\"YouTube video player\" src=\"https:\/\/www.youtube.com\/embed\/wkZtFn4gPQI?si=hbCc3XqEfcDNvT59\" width=\"560\" height=\"315\" frameborder=\"0\" allowfullscreen=\"allowfullscreen\"><\/iframe><br \/>\nFransan\u0131n Strasburq \u015f\u0259h\u0259rind\u0259 ke\u00e7iril\u0259n Avropa \u015euras\u0131 Parlament Assambleyas\u0131n\u0131n yaz sessiyas\u0131 aprelin 24-d\u0259 ba\u015fa \u00e7at\u0131b. Sessiya \u00e7\u0259r\u00e7iv\u0259sind\u0259 Avropa deputatlar\u0131 bir s\u0131ra m\u00fch\u00fcm beyn\u0259lxalq m\u0259s\u0259l\u0259l\u0259ri m\u00fczakir\u0259 edibl\u0259r. H\u0259ft\u0259 \u0259rzind\u0259 Yax\u0131n \u015e\u0259rqd\u0259 v\u0259ziyy\u0259t, \u0130ran \u0259traf\u0131nda artan g\u0259rginlik, \u0130srailin Q\u0259zza zola\u011f\u0131nda t\u00f6r\u0259tdiyi h\u0259r\u0259k\u0259tl\u0259r, el\u0259c\u0259 d\u0259 davam ed\u0259n Rusiya\u2013Ukrayna m\u00fcharib\u0259si \u0259sas m\u00f6vzular olub. Bundan \u0259lav\u0259, beyn\u0259lxalq terrorizm, insan haqlar\u0131, demokratik prosesl\u0259r v\u0259 qlobal t\u0259hl\u00fck\u0259sizlik \u00e7a\u011f\u0131r\u0131\u015flar\u0131 da g\u00fcnd\u0259md\u0259 yer al\u0131b.<\/p>\n<p>Sessiyan\u0131n n\u0259tic\u0259l\u0259rini \u015f\u0259rh ed\u0259n \u018fhm\u0259d \u015eahidov bildirib ki, Strasburqda apar\u0131lan m\u00fczakir\u0259l\u0259r beyn\u0259lxalq h\u00fcququn z\u0259ifl\u0259m\u0259si v\u0259 g\u00fcc siyas\u0259tinin \u00f6n plana \u00e7\u0131xmas\u0131 il\u0259 ba\u011fl\u0131 narahatl\u0131qlar\u0131 bir daha ortaya qoydu. O qeyd edib ki, bir \u00e7ox Avropa deputatlar\u0131 bu tendensiyan\u0131 a\u00e7\u0131q \u015f\u0259kild\u0259 etiraf edir v\u0259 bunun h\u0259m Avropa, h\u0259m d\u0259 qlobal nizam \u00fc\u00e7\u00fcn ciddi t\u0259hl\u00fck\u0259 yaratd\u0131\u011f\u0131n\u0131 vur\u011fulay\u0131rlar. Onun s\u00f6zl\u0259rin\u0259 g\u00f6r\u0259, bel\u0259 platformalarda s\u0259sl\u0259ndiril\u0259n fikirl\u0259r yaln\u0131z b\u0259yanat s\u0259viyy\u0259sind\u0259 qalmamal\u0131, real siyasi add\u0131mlarla m\u00fc\u015fayi\u0259t olunmal\u0131d\u0131r.<\/p>\n<p>\u018fhm\u0259d \u015eahidov h\u0259m\u00e7inin Az\u0259rbaycan\u0131n son ill\u0259rd\u0259 A\u015ePA sessiyalar\u0131nda i\u015ftirak etm\u0259m\u0259si m\u0259s\u0259l\u0259sin\u0259 d\u0259 toxunaraq m\u00f6vcud v\u0259ziyy\u0259tl\u0259 ba\u011fl\u0131 t\u0259\u0259ss\u00fcf\u00fcn\u00fc ifad\u0259 edib. O bildirib ki, Az\u0259rbaycana qar\u015f\u0131 ir\u0259li s\u00fcr\u00fcl\u0259n b\u0259zi t\u0259l\u0259bl\u0259r \u0259dal\u0259tsiz v\u0259 beyn\u0259lxalq h\u00fcquqa ziddir, lakin insan haqlar\u0131 v\u0259 demokratiya sah\u0259sind\u0259 m\u00fc\u0259yy\u0259n ir\u0259lil\u0259yi\u015fl\u0259r\u0259 ehtiyac var. \u015eahidov vur\u011fulay\u0131b ki, konstruktiv dialoq v\u0259 qar\u015f\u0131l\u0131ql\u0131 \u0259m\u0259kda\u015fl\u0131q Az\u0259rbaycan\u0131n A\u015ePA`da i\u015ftirak\u0131n\u0131n b\u0259rpas\u0131na \u015f\u0259rait yarada bil\u0259r.<\/p>\n<p><a href=\"https:\/\/www.shahidov.com\/wp-content\/uploads\/2026\/04\/aspa_24.04.2026.jpg\"><img loading=\"lazy\" decoding=\"async\" class=\"aligncenter size-large wp-image-20541\" src=\"https:\/\/www.shahidov.com\/wp-content\/uploads\/2026\/04\/aspa_24.04.2026-700x394.jpg\" alt=\"\" width=\"700\" height=\"394\" srcset=\"https:\/\/www.shahidov.com\/wp-content\/uploads\/2026\/04\/aspa_24.04.2026-700x394.jpg 700w, https:\/\/www.shahidov.com\/wp-content\/uploads\/2026\/04\/aspa_24.04.2026-475x267.jpg 475w, https:\/\/www.shahidov.com\/wp-content\/uploads\/2026\/04\/aspa_24.04.2026-768x432.jpg 768w, https:\/\/www.shahidov.com\/wp-content\/uploads\/2026\/04\/aspa_24.04.2026-1536x864.jpg 1536w, https:\/\/www.shahidov.com\/wp-content\/uploads\/2026\/04\/aspa_24.04.2026.jpg 2000w\" sizes=\"auto, (max-width: 700px) 100vw, 700px\" \/><\/a><\/p>\n","protected":false},"excerpt":{"rendered":"<p>Fransan\u0131n Strasburq \u015f\u0259h\u0259rind\u0259 ke\u00e7iril\u0259n Avropa \u015euras\u0131 Parlament Assambleyas\u0131n\u0131n yaz sessiyas\u0131 aprelin 24-d\u0259 ba\u015fa \u00e7at\u0131b. Sessiya \u00e7\u0259r\u00e7iv\u0259sind\u0259 Avropa deputatlar\u0131 bir s\u0131ra m\u00fch\u00fcm beyn\u0259lxalq m\u0259s\u0259l\u0259l\u0259ri m\u00fczakir\u0259 edibl\u0259r. H\u0259ft\u0259 \u0259rzind\u0259 Yax\u0131n \u015e\u0259rqd\u0259 v\u0259ziyy\u0259t,&hellip; <\/p>\n","protected":false},"author":1,"featured_media":20541,"comment_status":"open","ping_status":"open","sticky":false,"template":"","format":"standard","meta":{"_jetpack_memberships_contains_paid_content":false,"footnotes":""},"categories":[97,72,14],"tags":[],"class_list":["post-20540","post","type-post","status-publish","format-standard","has-post-thumbnail","hentry","category-avropa-surasi-parlament-assambleyasinda-faliyyt","category-slider","category-xarici-sfrlr"],"jetpack_featured_media_url":"https:\/\/www.shahidov.com\/wp-content\/uploads\/2026\/04\/aspa_24.04.2026.jpg","jetpack_sharing_enabled":true,"_links":{"self":[{"href":"https:\/\/www.shahidov.com\/index.php?rest_route=\/wp\/v2\/posts\/20540","targetHints":{"allow":["GET"]}}],"collection":[{"href":"https:\/\/www.shahidov.com\/index.php?rest_route=\/wp\/v2\/posts"}],"about":[{"href":"https:\/\/www.shahidov.com\/index.php?rest_route=\/wp\/v2\/types\/post"}],"author":[{"embeddable":true,"href":"https:\/\/www.shahidov.com\/index.php?rest_route=\/wp\/v2\/users\/1"}],"replies":[{"embeddable":true,"href":"https:\/\/www.shahidov.com\/index.php?rest_route=%2Fwp%2Fv2%2Fcomments&post=20540"}],"version-history":[{"count":1,"href":"https:\/\/www.shahidov.com\/index.php?rest_route=\/wp\/v2\/posts\/20540\/revisions"}],"predecessor-version":[{"id":20542,"href":"https:\/\/www.shahidov.com\/index.php?rest_route=\/wp\/v2\/posts\/20540\/revisions\/20542"}],"wp:featuredmedia":[{"embeddable":true,"href":"https:\/\/www.shahidov.com\/index.php?rest_route=\/wp\/v2\/media\/20541"}],"wp:attachment":[{"href":"https:\/\/www.shahidov.com\/index.php?rest_route=%2Fwp%2Fv2%2Fmedia&parent=20540"}],"wp:term":[{"taxonomy":"category","embeddable":true,"href":"https:\/\/www.shahidov.com\/index.php?rest_route=%2Fwp%2Fv2%2Fcategories&post=20540"},{"taxonomy":"post_tag","embeddable":true,"href":"https:\/\/www.shahidov.com\/index.php?rest_route=%2Fwp%2Fv2%2Ftags&post=20540"}],"curies":[{"name":"wp","href":"https:\/\/api.w.org\/{rel}","templated":true}]}}