{"id":19993,"date":"2025-12-04T10:30:24","date_gmt":"2025-12-04T06:30:24","guid":{"rendered":"https:\/\/www.shahidov.com\/?p=19993"},"modified":"2025-12-04T17:35:51","modified_gmt":"2025-12-04T13:35:51","slug":"ehm%c9%99d-sahidov-atet-nazirl%c9%99r-surasinin-vyana-toplantisi-bar%c9%99d%c9%99-avstriyadan-baku-tvy%c9%99-danisib","status":"publish","type":"post","link":"https:\/\/www.shahidov.com\/?p=19993","title":{"rendered":"\u018fhm\u0259d \u015eahidov AT\u018fT Nazirl\u0259r \u015euras\u0131n\u0131n Vyana toplant\u0131s\u0131 bar\u0259d\u0259 Avstriyadan Baku TV&#8217;y\u0259 dan\u0131\u015f\u0131b"},"content":{"rendered":"<p><iframe loading=\"lazy\" title=\"\u018fhm\u0259d \u015eahidov AT\u018fT Nazirl\u0259r \u015euras\u0131n\u0131n Vyana toplant\u0131s\u0131 bar\u0259d\u0259 Avstriyadan Baku TV&#039;y\u0259 dan\u0131\u015f\u0131b\" width=\"1110\" height=\"624\" src=\"https:\/\/www.youtube.com\/embed\/zlqOwQRngkM?feature=oembed\" frameborder=\"0\" allow=\"accelerometer; autoplay; clipboard-write; encrypted-media; gyroscope; picture-in-picture; web-share\" referrerpolicy=\"strict-origin-when-cross-origin\" allowfullscreen><\/iframe><\/p>\n<p>Avstriyan\u0131n paytaxt\u0131 Vyanada bu g\u00fcn ke\u00e7iril\u0259n AT\u018fT Nazirl\u0259r \u015euras\u0131n\u0131n iclas\u0131 t\u0259\u015fkilat\u0131n son ill\u0259rd\u0259 \u00fczl\u0259\u015fdiyi \u0259n ciddi siyasi b\u00f6hran fonunda ba\u015f tutur. 57 \u00f6lk\u0259nin xarici i\u015fl\u0259r nazirl\u0259rinin i\u015ftirak etdiyi toplant\u0131da AT\u018fT-in institusional g\u0259l\u0259c\u0259yi, t\u0259hl\u00fck\u0259sizlik arxitekturas\u0131nda yaranan par\u00e7alanma v\u0259 qurumun f\u0259aliyy\u0259tinin iflic v\u0259ziyy\u0259tind\u0259n \u00e7\u0131xar\u0131lmas\u0131 \u0259sas m\u00fczakir\u0259 m\u00f6vzular\u0131d\u0131r.<\/p>\n<p>Haz\u0131rda Vyanada s\u0259f\u0259rd\u0259 olan v\u0259 AT\u018fT Nazirl\u0259r \u015euras\u0131n\u0131n iclas\u0131n\u0131 yax\u0131ndan izl\u0259y\u0259n h\u00fcquq m\u00fcdafi\u0259\u00e7isi \u018fhm\u0259d \u015eahidov Baku TV&#8217;y\u0259 a\u00e7\u0131qlamas\u0131nda bildirib ki, Vyana toplant\u0131s\u0131 sad\u0259c\u0259 illik siyasi g\u00f6r\u00fc\u015f deyil, AT\u018fT-in m\u00f6vcudlu\u011funun davam edib-etm\u0259y\u0259c\u0259yi il\u0259 ba\u011fl\u0131 taley\u00fckl\u00fc m\u0259rh\u0259l\u0259dir: \u201c\u0130l boyunca b\u00fcdc\u0259nin t\u0259sdiql\u0259nm\u0259m\u0259si, missiyalar\u0131n f\u0259aliyy\u0259tinin m\u0259hdudla\u015fd\u0131r\u0131lmas\u0131 v\u0259 konsensus mexanizminin bloklanmas\u0131 AT\u018fT-i faktiki olaraq i\u015fl\u0259k olmayan quruma \u00e7evirib. Bu s\u0259b\u0259bd\u0259n Vyanada \u0259sas m\u00fczakir\u0259 dialoqun b\u0259rpas\u0131 v\u0259 t\u0259\u015fkilat\u0131n g\u0259l\u0259c\u0259k mandat\u0131n\u0131n m\u00fc\u0259yy\u0259n edilm\u0259sidir\u201d.<\/p>\n<p>\u018fhm\u0259d \u015eahidov qeyd edib ki, Avropa medias\u0131 toplant\u0131n\u0131 \u201cAT\u018fT-in g\u0259l\u0259c\u0259yin\u0259 s\u0131naq\u201d kimi t\u0259qdim edir v\u0259 \u0259sas diqq\u0259t Ukrayna-Rusiya m\u00fcharib\u0259sinin diplomatik t\u0259sirl\u0259rin\u0259 y\u00f6n\u0259lib: \u201cR\u0259smi g\u00fcnd\u0259likd\u0259 ayr\u0131ca \u2018Ukrayna\u2019 b\u0259ndi olmasa da, b\u00fct\u00fcn qapal\u0131 g\u00f6r\u00fc\u015fl\u0259rin ana x\u0259ttini m\u0259hz bu m\u00fcnaqi\u015f\u0259 t\u0259\u015fkil edir. Ukraynadak\u0131 humanitar v\u0259ziyy\u0259t, s\u0259rh\u0259d t\u0259hl\u00fck\u0259sizliyi v\u0259 Rusiyan\u0131n yeni \u015f\u0259rtl\u0259ri bar\u0259d\u0259 ciddi m\u00fczakir\u0259l\u0259rin apar\u0131lmas\u0131 g\u00f6zl\u0259nilir. AT\u018fT-in m\u00f6vcud format\u0131 Ukrayna kimi b\u00f6hranlara adekvat reaksiya ver\u0259 bilmir v\u0259 bu, t\u0259\u015fkilat\u0131n g\u0259l\u0259c\u0259k roluna dair suallar\u0131 daha da art\u0131r\u0131r\u201d.<\/p>\n<p>Onun s\u00f6zl\u0259rin\u0259 g\u00f6r\u0259, Vyana g\u00f6r\u00fc\u015f\u00fc real n\u0259tic\u0259l\u0259r v\u0259 ya b\u00f6y\u00fck raz\u0131la\u015fmalar v\u0259d etmir, lakin dialoqun davam etm\u0259si bel\u0259 geosiyasi g\u0259rginlik fonunda \u0259h\u0259miyy\u0259tli hadis\u0259 say\u0131l\u0131r.<\/p>\n<p><a href=\"https:\/\/www.shahidov.com\/wp-content\/uploads\/2025\/12\/bakutv_04.12.2025.jpg\"><img loading=\"lazy\" decoding=\"async\" class=\"aligncenter size-large wp-image-19994\" src=\"https:\/\/www.shahidov.com\/wp-content\/uploads\/2025\/12\/bakutv_04.12.2025-700x394.jpg\" alt=\"\" width=\"700\" height=\"394\" srcset=\"https:\/\/www.shahidov.com\/wp-content\/uploads\/2025\/12\/bakutv_04.12.2025-700x394.jpg 700w, https:\/\/www.shahidov.com\/wp-content\/uploads\/2025\/12\/bakutv_04.12.2025-475x267.jpg 475w, https:\/\/www.shahidov.com\/wp-content\/uploads\/2025\/12\/bakutv_04.12.2025-768x432.jpg 768w, https:\/\/www.shahidov.com\/wp-content\/uploads\/2025\/12\/bakutv_04.12.2025-1536x864.jpg 1536w, https:\/\/www.shahidov.com\/wp-content\/uploads\/2025\/12\/bakutv_04.12.2025-1920x1080.jpg 1920w, https:\/\/www.shahidov.com\/wp-content\/uploads\/2025\/12\/bakutv_04.12.2025.jpg 2000w\" sizes=\"auto, (max-width: 700px) 100vw, 700px\" \/><\/a><\/p>\n","protected":false},"excerpt":{"rendered":"<p>Avstriyan\u0131n paytaxt\u0131 Vyanada bu g\u00fcn ke\u00e7iril\u0259n AT\u018fT Nazirl\u0259r \u015euras\u0131n\u0131n iclas\u0131 t\u0259\u015fkilat\u0131n son ill\u0259rd\u0259 \u00fczl\u0259\u015fdiyi \u0259n ciddi siyasi b\u00f6hran fonunda ba\u015f tutur. 57 \u00f6lk\u0259nin xarici i\u015fl\u0259r nazirl\u0259rinin i\u015ftirak etdiyi toplant\u0131da AT\u018fT-in&hellip; <\/p>\n","protected":false},"author":1,"featured_media":19994,"comment_status":"open","ping_status":"open","sticky":false,"template":"","format":"standard","meta":{"_jetpack_memberships_contains_paid_content":false,"footnotes":""},"categories":[89,72],"tags":[],"class_list":["post-19993","post","type-post","status-publish","format-standard","has-post-thumbnail","hentry","category-musahib","category-slider"],"jetpack_featured_media_url":"https:\/\/www.shahidov.com\/wp-content\/uploads\/2025\/12\/bakutv_04.12.2025.jpg","jetpack_sharing_enabled":true,"_links":{"self":[{"href":"https:\/\/www.shahidov.com\/index.php?rest_route=\/wp\/v2\/posts\/19993","targetHints":{"allow":["GET"]}}],"collection":[{"href":"https:\/\/www.shahidov.com\/index.php?rest_route=\/wp\/v2\/posts"}],"about":[{"href":"https:\/\/www.shahidov.com\/index.php?rest_route=\/wp\/v2\/types\/post"}],"author":[{"embeddable":true,"href":"https:\/\/www.shahidov.com\/index.php?rest_route=\/wp\/v2\/users\/1"}],"replies":[{"embeddable":true,"href":"https:\/\/www.shahidov.com\/index.php?rest_route=%2Fwp%2Fv2%2Fcomments&post=19993"}],"version-history":[{"count":2,"href":"https:\/\/www.shahidov.com\/index.php?rest_route=\/wp\/v2\/posts\/19993\/revisions"}],"predecessor-version":[{"id":19996,"href":"https:\/\/www.shahidov.com\/index.php?rest_route=\/wp\/v2\/posts\/19993\/revisions\/19996"}],"wp:featuredmedia":[{"embeddable":true,"href":"https:\/\/www.shahidov.com\/index.php?rest_route=\/wp\/v2\/media\/19994"}],"wp:attachment":[{"href":"https:\/\/www.shahidov.com\/index.php?rest_route=%2Fwp%2Fv2%2Fmedia&parent=19993"}],"wp:term":[{"taxonomy":"category","embeddable":true,"href":"https:\/\/www.shahidov.com\/index.php?rest_route=%2Fwp%2Fv2%2Fcategories&post=19993"},{"taxonomy":"post_tag","embeddable":true,"href":"https:\/\/www.shahidov.com\/index.php?rest_route=%2Fwp%2Fv2%2Ftags&post=19993"}],"curies":[{"name":"wp","href":"https:\/\/api.w.org\/{rel}","templated":true}]}}