{"id":17775,"date":"2024-08-22T14:40:51","date_gmt":"2024-08-22T10:40:51","guid":{"rendered":"https:\/\/www.shahidov.com\/?p=17775"},"modified":"2024-08-22T14:40:51","modified_gmt":"2024-08-22T10:40:51","slug":"qax-v%c9%99-s%c9%99ki-arasinda-hec-bir-f%c9%99rq-qoymuram-deputatliga-namiz%c9%99d-ehm%c9%99d-sahidov-oz-secicil%c9%99rin%c9%99-novb%c9%99ti-muraci%c9%99tini-etdi","status":"publish","type":"post","link":"https:\/\/www.shahidov.com\/?p=17775","title":{"rendered":"&#8220;Qax v\u0259 \u015e\u0259ki aras\u0131nda he\u00e7 bir f\u0259rq qoymuram&#8221; &#8211; Deputatl\u0131\u011fa namiz\u0259d \u018fhm\u0259d \u015eahidov \u00f6z se\u00e7icil\u0259rin\u0259 n\u00f6vb\u0259ti m\u00fcraci\u0259tini etdi"},"content":{"rendered":"<p><iframe loading=\"lazy\" title=\"YouTube video player\" src=\"https:\/\/www.youtube.com\/embed\/1vL9WQx2R9Y?si=GNN6dcpNMP0pqTD3\" width=\"750\" height=\"422\" frameborder=\"0\" allowfullscreen=\"allowfullscreen\"><\/iframe><\/p>\n<p>113 sayl\u0131 Qax-\u015e\u0259ki se\u00e7ki dair\u0259sind\u0259n deputatl\u0131\u011fa namiz\u0259d \u018fhm\u0259d \u015eahidov Qax v\u0259 \u015e\u0259ki sakinl\u0259rin\u0259 n\u00f6vb\u0259ti m\u00fcraci\u0259tini yay\u0131nlay\u0131b.<\/p>\n<p>Qax v\u0259 \u015e\u0259ki rayonlar\u0131nda se\u00e7icil\u0259rl\u0259 g\u00f6r\u00fc\u015fl\u0259rini davam etdirdiyini bildir\u0259n \u018fhm\u0259d \u015eahidov ke\u00e7irdiyi g\u00f6r\u00fc\u015fl\u0259rd\u0259 s\u0259sl\u0259n\u0259n m\u0259s\u0259l\u0259l\u0259ri bir-bir qeyd etdiyini v\u0259 deputat se\u00e7il\u0259c\u0259yi t\u0259qdird\u0259 h\u0259min m\u0259s\u0259l\u0259l\u0259rin h\u0259llin\u0259 nail olaca\u011f\u0131n\u0131 bildirib.<\/p>\n<p>Milli M\u0259clisd\u0259 Qax v\u0259 \u015e\u0259kini t\u0259msil etm\u0259kd\u0259n q\u00fcrur duyaca\u011f\u0131n\u0131 qeyd ed\u0259n \u018fhm\u0259d \u015eahidov bu iki rayon aras\u0131nda he\u00e7 bir f\u0259rq qoymad\u0131\u011f\u0131n\u0131 v\u0259 g\u0259l\u0259c\u0259kd\u0259 h\u0259m Qax, h\u0259m d\u0259 \u015e\u0259ki sakinl\u0259rinin qay\u011f\u0131lar\u0131n\u0131 Parlamentd\u0259 qald\u0131raca\u011f\u0131n\u0131 v\u0259 daima sakinl\u0259rl\u0259 bir arada olaca\u011f\u0131n\u0131 deyib.<\/p>\n<p>Qax v\u0259 \u015e\u0259ki rayonlar\u0131nda g\u00f6r\u00fc\u015fl\u0259rini davam etdir\u0259n \u018fhm\u0259d \u015eahidov 1 Sentyabrda ke\u00e7iril\u0259c\u0259k Milli M\u0259clis\u0259 n\u00f6vb\u0259d\u0259nk\u0259nar se\u00e7kil\u0259rd\u0259 b\u00fct\u00fcn sakinl\u0259rin f\u0259al olmalar\u0131n\u0131 ist\u0259yib.<\/p>\n<p>#Qax #\u015e\u0259ki #se\u00e7ki #MilliM\u0259clis #Parlament #Az\u0259rbaycan #deputat #mill\u0259tv\u0259kili #\u018fhm\u0259d\u015eahidov #rayon #k\u0259nd #se\u00e7kil\u0259r<\/p>\n<p><a href=\"https:\/\/www.shahidov.com\/wp-content\/uploads\/2024\/08\/076_Secicilere_muraciet_hesabat.jpg\"><img loading=\"lazy\" decoding=\"async\" class=\"aligncenter size-large wp-image-17776\" src=\"https:\/\/www.shahidov.com\/wp-content\/uploads\/2024\/08\/076_Secicilere_muraciet_hesabat-700x392.jpg\" alt=\"\" width=\"700\" height=\"392\" srcset=\"https:\/\/www.shahidov.com\/wp-content\/uploads\/2024\/08\/076_Secicilere_muraciet_hesabat-700x392.jpg 700w, https:\/\/www.shahidov.com\/wp-content\/uploads\/2024\/08\/076_Secicilere_muraciet_hesabat-475x266.jpg 475w, https:\/\/www.shahidov.com\/wp-content\/uploads\/2024\/08\/076_Secicilere_muraciet_hesabat-768x430.jpg 768w, https:\/\/www.shahidov.com\/wp-content\/uploads\/2024\/08\/076_Secicilere_muraciet_hesabat-1536x861.jpg 1536w, https:\/\/www.shahidov.com\/wp-content\/uploads\/2024\/08\/076_Secicilere_muraciet_hesabat.jpg 1920w\" sizes=\"auto, (max-width: 700px) 100vw, 700px\" \/><\/a><\/p>\n","protected":false},"excerpt":{"rendered":"<p>113 sayl\u0131 Qax-\u015e\u0259ki se\u00e7ki dair\u0259sind\u0259n deputatl\u0131\u011fa namiz\u0259d \u018fhm\u0259d \u015eahidov Qax v\u0259 \u015e\u0259ki sakinl\u0259rin\u0259 n\u00f6vb\u0259ti m\u00fcraci\u0259tini yay\u0131nlay\u0131b. Qax v\u0259 \u015e\u0259ki rayonlar\u0131nda se\u00e7icil\u0259rl\u0259 g\u00f6r\u00fc\u015fl\u0259rini davam etdirdiyini bildir\u0259n \u018fhm\u0259d \u015eahidov ke\u00e7irdiyi g\u00f6r\u00fc\u015fl\u0259rd\u0259 s\u0259sl\u0259n\u0259n&hellip; <\/p>\n","protected":false},"author":1,"featured_media":17776,"comment_status":"open","ping_status":"open","sticky":false,"template":"","format":"standard","meta":{"_jetpack_memberships_contains_paid_content":false,"footnotes":""},"categories":[92,72],"tags":[],"class_list":["post-17775","post","type-post","status-publish","format-standard","has-post-thumbnail","hentry","category-milli-mclis-novbdnknar-seckilr","category-slider"],"jetpack_featured_media_url":"https:\/\/www.shahidov.com\/wp-content\/uploads\/2024\/08\/076_Secicilere_muraciet_hesabat.jpg","jetpack_sharing_enabled":true,"_links":{"self":[{"href":"https:\/\/www.shahidov.com\/index.php?rest_route=\/wp\/v2\/posts\/17775","targetHints":{"allow":["GET"]}}],"collection":[{"href":"https:\/\/www.shahidov.com\/index.php?rest_route=\/wp\/v2\/posts"}],"about":[{"href":"https:\/\/www.shahidov.com\/index.php?rest_route=\/wp\/v2\/types\/post"}],"author":[{"embeddable":true,"href":"https:\/\/www.shahidov.com\/index.php?rest_route=\/wp\/v2\/users\/1"}],"replies":[{"embeddable":true,"href":"https:\/\/www.shahidov.com\/index.php?rest_route=%2Fwp%2Fv2%2Fcomments&post=17775"}],"version-history":[{"count":1,"href":"https:\/\/www.shahidov.com\/index.php?rest_route=\/wp\/v2\/posts\/17775\/revisions"}],"predecessor-version":[{"id":17777,"href":"https:\/\/www.shahidov.com\/index.php?rest_route=\/wp\/v2\/posts\/17775\/revisions\/17777"}],"wp:featuredmedia":[{"embeddable":true,"href":"https:\/\/www.shahidov.com\/index.php?rest_route=\/wp\/v2\/media\/17776"}],"wp:attachment":[{"href":"https:\/\/www.shahidov.com\/index.php?rest_route=%2Fwp%2Fv2%2Fmedia&parent=17775"}],"wp:term":[{"taxonomy":"category","embeddable":true,"href":"https:\/\/www.shahidov.com\/index.php?rest_route=%2Fwp%2Fv2%2Fcategories&post=17775"},{"taxonomy":"post_tag","embeddable":true,"href":"https:\/\/www.shahidov.com\/index.php?rest_route=%2Fwp%2Fv2%2Ftags&post=17775"}],"curies":[{"name":"wp","href":"https:\/\/api.w.org\/{rel}","templated":true}]}}