{"id":16038,"date":"2023-09-21T12:43:32","date_gmt":"2023-09-21T08:43:32","guid":{"rendered":"https:\/\/www.shahidov.com\/?p=16038"},"modified":"2023-09-25T18:46:50","modified_gmt":"2023-09-25T14:46:50","slug":"%c9%99l-c%c9%99zir%c9%99-kanalinda-az%c9%99rbaycan-v%c9%99-erm%c9%99ni-ekspertl%c9%99r-arasinda-debat-%c9%99hm%c9%99d-sahidov-v%c9%99-tiqran-aboyan","status":"publish","type":"post","link":"https:\/\/www.shahidov.com\/?p=16038","title":{"rendered":"\u018fl C\u0259zir\u0259 kanal\u0131nda Az\u0259rbaycan v\u0259 erm\u0259ni ekspertl\u0259r aras\u0131nda debat &#8211; \u018fhm\u0259d \u015eahidov v\u0259 Tiqran Aboyan"},"content":{"rendered":"<p><iframe loading=\"lazy\" title=\"YouTube video player\" src=\"https:\/\/www.youtube.com\/embed\/to8vi1QrVSw?si=ig_TTypdBhvTcgv1\" width=\"750\" height=\"422\" frameborder=\"0\" allowfullscreen=\"allowfullscreen\"><\/iframe><\/p>\n<p>Az\u0259rbaycan Ordusunun Qaraba\u011fda h\u0259yata ke\u00e7irdiyi 24 saatl\u0131q antiterror \u0259m\u0259liyyatlar\u0131 n\u0259tic\u0259sind\u0259 Qaraba\u011fdak\u0131 separat\u00e7\u0131 rejim t\u0259slim oldu v\u0259 Bak\u0131n\u0131n ir\u0259li s\u00fcrd\u00fcy\u00fc \u015f\u0259rtl\u0259ri q\u0259bul etdi.<\/p>\n<p>Bug\u00fcn Qaraba\u011f tamamil\u0259 erm\u0259ni militanlardan t\u0259mizl\u0259ndi. Antiterror t\u0259dbirl\u0259ri n\u0259tic\u0259sind\u0259 Az\u0259rbaycan \u00f6z suverenliyini b\u0259rpa etdi. Sentyabr\u0131n 21-d\u0259 is\u0259 Az\u0259rbaycan\u0131n Yevlax \u015f\u0259h\u0259rind\u0259 Qaraba\u011f\u0131n erm\u0259ni n\u00fcmay\u0259nd\u0259l\u0259ri il\u0259 r\u0259smi Bak\u0131 aras\u0131nda g\u00f6r\u00fc\u015f ke\u00e7iril\u0259c\u0259k. Yevlax g\u00f6r\u00fc\u015f\u00fcnd\u0259 Qaraba\u011f erm\u0259nil\u0259rinin h\u00fcquqlar\u0131 v\u0259 \u00f6hd\u0259likl\u0259ri m\u00fczakir\u0259 edil\u0259c\u0259k.<\/p>\n<p>M\u00f6vzu il\u0259 ba\u011fl\u0131 Al Jazeera Arabic kanal\u0131nda n\u00f6vb\u0259ti g\u0259rgin debat ba\u015f tutub. Az\u0259rbaycanl\u0131 h\u00fcquq m\u00fcdafi\u0259\u00e7isi \u018fhm\u0259d \u015eahidov v\u0259 erm\u0259ni siyasi \u015f\u0259rh\u00e7i Tiqran Aboyan Qaraba\u011fdak\u0131 erm\u0259nil\u0259rin h\u00fcquq v\u0259 \u00f6hd\u0259likl\u0259ri bar\u0259d\u0259 fikir m\u00fcbadil\u0259si apar\u0131blar.<\/p>\n<p>H\u00fcquq m\u00fcdafi\u0259\u00e7isi \u018fhm\u0259d \u015eahidov qeyd edib ki, Qaraba\u011fdak\u0131 erm\u0259nil\u0259r Az\u0259rbaycan c\u0259miyy\u0259tin\u0259 yenid\u0259n inteqrasiya olunacaq v\u0259 Az\u0259rbaycan Respublikas\u0131 Konstitusiyas\u0131 il\u0259 n\u0259z\u0259rd\u0259 tutulmu\u015f b\u00fct\u00fcn h\u00fcquq v\u0259 azadl\u0131qlara malik olacaqlar. Lakin Qaraba\u011fdak\u0131 erm\u0259nil\u0259rin x\u00fcsusi imtiyazlara v\u0259 statusa malik olaca\u011f\u0131 il\u0259 ba\u011fl\u0131 g\u00f6zl\u0259ntil\u0259r \u0259sass\u0131zd\u0131r. \u00c7\u00fcnki, Az\u0259rbaycan\u0131n dig\u0259r v\u0259t\u0259nda\u015flar\u0131 kimi, Qaraba\u011fdak\u0131 erm\u0259nil\u0259r d\u0259 h\u00fcquq v\u0259 azadl\u0131qlar\u0131 il\u0259 yana\u015f\u0131, m\u0259suliyy\u0259tl\u0259rini d\u0259 d\u0259rk etm\u0259li v\u0259 Az\u0259rbaycan qanunlar\u0131na h\u00f6rm\u0259tl\u0259 yana\u015fmal\u0131d\u0131rlar.<\/p>\n<p><a href=\"https:\/\/www.shahidov.com\/wp-content\/uploads\/2023\/09\/al_jazeera_21.09.2023c.jpg\"><img loading=\"lazy\" decoding=\"async\" class=\"aligncenter size-large wp-image-16039\" src=\"https:\/\/www.shahidov.com\/wp-content\/uploads\/2023\/09\/al_jazeera_21.09.2023c-700x394.jpg\" alt=\"\" width=\"700\" height=\"394\" srcset=\"https:\/\/www.shahidov.com\/wp-content\/uploads\/2023\/09\/al_jazeera_21.09.2023c-700x394.jpg 700w, https:\/\/www.shahidov.com\/wp-content\/uploads\/2023\/09\/al_jazeera_21.09.2023c-475x267.jpg 475w, https:\/\/www.shahidov.com\/wp-content\/uploads\/2023\/09\/al_jazeera_21.09.2023c-768x432.jpg 768w, https:\/\/www.shahidov.com\/wp-content\/uploads\/2023\/09\/al_jazeera_21.09.2023c-1536x864.jpg 1536w, https:\/\/www.shahidov.com\/wp-content\/uploads\/2023\/09\/al_jazeera_21.09.2023c.jpg 1920w\" sizes=\"auto, (max-width: 700px) 100vw, 700px\" \/><\/a> <a href=\"https:\/\/www.shahidov.com\/wp-content\/uploads\/2023\/09\/al_jazeera_21.09.2023b.jpg\"><img loading=\"lazy\" decoding=\"async\" class=\"aligncenter size-large wp-image-16040\" src=\"https:\/\/www.shahidov.com\/wp-content\/uploads\/2023\/09\/al_jazeera_21.09.2023b-700x394.jpg\" alt=\"\" width=\"700\" height=\"394\" srcset=\"https:\/\/www.shahidov.com\/wp-content\/uploads\/2023\/09\/al_jazeera_21.09.2023b-700x394.jpg 700w, https:\/\/www.shahidov.com\/wp-content\/uploads\/2023\/09\/al_jazeera_21.09.2023b-475x267.jpg 475w, https:\/\/www.shahidov.com\/wp-content\/uploads\/2023\/09\/al_jazeera_21.09.2023b-768x432.jpg 768w, https:\/\/www.shahidov.com\/wp-content\/uploads\/2023\/09\/al_jazeera_21.09.2023b-1536x864.jpg 1536w, https:\/\/www.shahidov.com\/wp-content\/uploads\/2023\/09\/al_jazeera_21.09.2023b.jpg 1920w\" sizes=\"auto, (max-width: 700px) 100vw, 700px\" \/><\/a> <a href=\"https:\/\/www.shahidov.com\/wp-content\/uploads\/2023\/09\/al_jazeera_21.09.2023a.jpg\"><img loading=\"lazy\" decoding=\"async\" class=\"aligncenter size-large wp-image-16041\" src=\"https:\/\/www.shahidov.com\/wp-content\/uploads\/2023\/09\/al_jazeera_21.09.2023a-700x394.jpg\" alt=\"\" width=\"700\" height=\"394\" srcset=\"https:\/\/www.shahidov.com\/wp-content\/uploads\/2023\/09\/al_jazeera_21.09.2023a-700x394.jpg 700w, https:\/\/www.shahidov.com\/wp-content\/uploads\/2023\/09\/al_jazeera_21.09.2023a-475x267.jpg 475w, https:\/\/www.shahidov.com\/wp-content\/uploads\/2023\/09\/al_jazeera_21.09.2023a-768x432.jpg 768w, https:\/\/www.shahidov.com\/wp-content\/uploads\/2023\/09\/al_jazeera_21.09.2023a-1536x864.jpg 1536w, https:\/\/www.shahidov.com\/wp-content\/uploads\/2023\/09\/al_jazeera_21.09.2023a.jpg 1920w\" sizes=\"auto, (max-width: 700px) 100vw, 700px\" \/><\/a> <a href=\"https:\/\/www.shahidov.com\/wp-content\/uploads\/2023\/09\/al_jazeera_21.09.2023.jpg\"><img loading=\"lazy\" decoding=\"async\" class=\"aligncenter size-large wp-image-16042\" src=\"https:\/\/www.shahidov.com\/wp-content\/uploads\/2023\/09\/al_jazeera_21.09.2023-700x394.jpg\" alt=\"\" width=\"700\" height=\"394\" srcset=\"https:\/\/www.shahidov.com\/wp-content\/uploads\/2023\/09\/al_jazeera_21.09.2023-700x394.jpg 700w, https:\/\/www.shahidov.com\/wp-content\/uploads\/2023\/09\/al_jazeera_21.09.2023-475x267.jpg 475w, https:\/\/www.shahidov.com\/wp-content\/uploads\/2023\/09\/al_jazeera_21.09.2023-768x432.jpg 768w, https:\/\/www.shahidov.com\/wp-content\/uploads\/2023\/09\/al_jazeera_21.09.2023-1536x864.jpg 1536w, https:\/\/www.shahidov.com\/wp-content\/uploads\/2023\/09\/al_jazeera_21.09.2023.jpg 1920w\" sizes=\"auto, (max-width: 700px) 100vw, 700px\" \/><\/a><\/p>\n","protected":false},"excerpt":{"rendered":"<p>Az\u0259rbaycan Ordusunun Qaraba\u011fda h\u0259yata ke\u00e7irdiyi 24 saatl\u0131q antiterror \u0259m\u0259liyyatlar\u0131 n\u0259tic\u0259sind\u0259 Qaraba\u011fdak\u0131 separat\u00e7\u0131 rejim t\u0259slim oldu v\u0259 Bak\u0131n\u0131n ir\u0259li s\u00fcrd\u00fcy\u00fc \u015f\u0259rtl\u0259ri q\u0259bul etdi. Bug\u00fcn Qaraba\u011f tamamil\u0259 erm\u0259ni militanlardan t\u0259mizl\u0259ndi. Antiterror t\u0259dbirl\u0259ri&hellip; <\/p>\n","protected":false},"author":2,"featured_media":16042,"comment_status":"open","ping_status":"open","sticky":false,"template":"","format":"standard","meta":{"_jetpack_memberships_contains_paid_content":false,"footnotes":""},"categories":[89,72],"tags":[],"class_list":["post-16038","post","type-post","status-publish","format-standard","has-post-thumbnail","hentry","category-musahib","category-slider"],"jetpack_featured_media_url":"https:\/\/www.shahidov.com\/wp-content\/uploads\/2023\/09\/al_jazeera_21.09.2023.jpg","jetpack_sharing_enabled":true,"_links":{"self":[{"href":"https:\/\/www.shahidov.com\/index.php?rest_route=\/wp\/v2\/posts\/16038","targetHints":{"allow":["GET"]}}],"collection":[{"href":"https:\/\/www.shahidov.com\/index.php?rest_route=\/wp\/v2\/posts"}],"about":[{"href":"https:\/\/www.shahidov.com\/index.php?rest_route=\/wp\/v2\/types\/post"}],"author":[{"embeddable":true,"href":"https:\/\/www.shahidov.com\/index.php?rest_route=\/wp\/v2\/users\/2"}],"replies":[{"embeddable":true,"href":"https:\/\/www.shahidov.com\/index.php?rest_route=%2Fwp%2Fv2%2Fcomments&post=16038"}],"version-history":[{"count":2,"href":"https:\/\/www.shahidov.com\/index.php?rest_route=\/wp\/v2\/posts\/16038\/revisions"}],"predecessor-version":[{"id":16204,"href":"https:\/\/www.shahidov.com\/index.php?rest_route=\/wp\/v2\/posts\/16038\/revisions\/16204"}],"wp:featuredmedia":[{"embeddable":true,"href":"https:\/\/www.shahidov.com\/index.php?rest_route=\/wp\/v2\/media\/16042"}],"wp:attachment":[{"href":"https:\/\/www.shahidov.com\/index.php?rest_route=%2Fwp%2Fv2%2Fmedia&parent=16038"}],"wp:term":[{"taxonomy":"category","embeddable":true,"href":"https:\/\/www.shahidov.com\/index.php?rest_route=%2Fwp%2Fv2%2Fcategories&post=16038"},{"taxonomy":"post_tag","embeddable":true,"href":"https:\/\/www.shahidov.com\/index.php?rest_route=%2Fwp%2Fv2%2Ftags&post=16038"}],"curies":[{"name":"wp","href":"https:\/\/api.w.org\/{rel}","templated":true}]}}