{"id":15312,"date":"2022-10-07T11:08:52","date_gmt":"2022-10-07T07:08:52","guid":{"rendered":"https:\/\/www.shahidov.com\/?p=15312"},"modified":"2023-01-13T20:13:38","modified_gmt":"2023-01-13T16:13:38","slug":"avropa-siyasi-birliyi-zirv%c9%99si-turkiy%c9%99-v%c9%99-az%c9%99rbaycanin-avropada-yuks%c9%99lisini-gost%c9%99rdi-benguturk","status":"publish","type":"post","link":"https:\/\/www.shahidov.com\/?p=15312","title":{"rendered":"Avropa Siyasi Birliyi Zirv\u0259si T\u00fcrkiy\u0259 v\u0259 Az\u0259rbaycan\u0131n Avropada y\u00fcks\u0259li\u015fini g\u00f6st\u0259rdi \u2013 Beng\u00fcT\u00fcrk"},"content":{"rendered":"<p><iframe loading=\"lazy\" title=\"YouTube video player\" src=\"https:\/\/www.youtube.com\/embed\/mCOqKKqVOXs\" width=\"750\" height=\"422\" frameborder=\"0\" allowfullscreen=\"allowfullscreen\"><\/iframe>\u00c7exiyan\u0131n paytaxt\u0131 Praqada Avropa Siyasi Birliyinin ilk iclas\u0131 ke\u00e7irilir.<\/p>\n<p>\u0130clasa d\u0259v\u0259t olunmu\u015f 44 Avropa \u00f6lk\u0259sind\u0259n 43-\u00fc liderl\u0259r s\u0259viyy\u0259sind\u0259 t\u0259msil olunur.<\/p>\n<p>May ay\u0131nda Fransa prezidenti Emmanuel Makronun t\u0259klifi il\u0259 ke\u00e7iril\u0259n toplant\u0131ya 27 Avropa \u0130ttifaq\u0131 (A\u0130) \u00f6lk\u0259si il\u0259 yana\u015f\u0131, Avropa qit\u0259sind\u0259n d\u0259 17 \u00f6lk\u0259 d\u0259v\u0259t olunmu\u015fdu. G\u00f6r\u00fc\u015f\u0259 t\u0259kc\u0259 Rusiya v\u0259 Belarus d\u0259v\u0259t olunmad\u0131.<\/p>\n<p>Ukraynadak\u0131 m\u00fcharib\u0259nin t\u0259sirl\u0259rinin m\u00fczakir\u0259 olunaca\u011f\u0131 bug\u00fcnk\u00fc iclasda s\u00fclh v\u0259 t\u0259hl\u00fck\u0259sizlik, enerji, iqlim v\u0259 iqtisadiyyatla ba\u011fl\u0131 sessiyalar ke\u00e7iril\u0259c\u0259k. G\u00f6r\u00fc\u015fd\u0259 liderl\u0259rin bir \u00e7ox ikit\u0259r\u0259fli g\u00f6r\u00fc\u015fl\u0259r ke\u00e7irm\u0259si d\u0259 planla\u015fd\u0131r\u0131l\u0131r.<\/p>\n<p>Avropa Siyasi Birliyi Zirv\u0259si Avropa \u00f6lk\u0259l\u0259ri \u00fc\u00e7\u00fcn siyasi m\u00fczakir\u0259 forumu kimi f\u0259aliyy\u0259t g\u00f6st\u0259rm\u0259yi n\u0259z\u0259rd\u0259 tutur. Zirv\u0259nin institusional struktura \u00e7evrilib-\u00e7evrilm\u0259y\u0259c\u0259yin\u0259 bug\u00fcnk\u00fc iclasda q\u0259rar veril\u0259c\u0259yi g\u00f6zl\u0259nilir. \u0130clas\u0131n sonunda he\u00e7 bir r\u0259smi a\u00e7\u0131qlama v\u0259 ya q\u0259rar\u0131n q\u0259bulu n\u0259z\u0259rd\u0259 tutulmur.<\/p>\n<p>Avropa Siyasi Birliyi \u00e7\u0259r\u00e7iv\u0259sind\u0259 T\u00fcrkiy\u0259, Az\u0259rbaycan v\u0259 Erm\u0259nistan liderl\u0259ri bir araya g\u0259l\u0259r\u0259k regionda s\u00fclh v\u0259 \u0259m\u0259kda\u015fl\u0131q m\u0259s\u0259l\u0259l\u0259rini m\u00fczakir\u0259 edibl\u0259r.<\/p>\n<p>Beng\u00fcT\u00fcrk kanal\u0131na a\u00e7\u0131qlama ver\u0259n T\u00fcrkiy\u0259 Demokratiya v\u0259 \u0130nsan Haqlar\u0131 \u0130nstitutunun r\u0259hb\u0259ri \u018fhm\u0259d \u015eahidov Praqada Avropa Siyasi Birliyi \u00e7\u0259r\u00e7iv\u0259sind\u0259 apar\u0131lan m\u00fczakir\u0259l\u0259rl\u0259 ba\u011fl\u0131 fikirl\u0259rini b\u00f6l\u00fc\u015f\u00fcb.<\/p>\n<p><a href=\"https:\/\/www.shahidov.com\/wp-content\/uploads\/2023\/01\/benguturk_07.10-1.jpg\"><img loading=\"lazy\" decoding=\"async\" class=\"aligncenter size-large wp-image-15313\" src=\"https:\/\/www.shahidov.com\/wp-content\/uploads\/2023\/01\/benguturk_07.10-1-700x394.jpg\" alt=\"\" width=\"700\" height=\"394\" srcset=\"https:\/\/www.shahidov.com\/wp-content\/uploads\/2023\/01\/benguturk_07.10-1-700x394.jpg 700w, https:\/\/www.shahidov.com\/wp-content\/uploads\/2023\/01\/benguturk_07.10-1-475x267.jpg 475w, https:\/\/www.shahidov.com\/wp-content\/uploads\/2023\/01\/benguturk_07.10-1-768x432.jpg 768w, https:\/\/www.shahidov.com\/wp-content\/uploads\/2023\/01\/benguturk_07.10-1.jpg 1200w\" sizes=\"auto, (max-width: 700px) 100vw, 700px\" \/><\/a> <a href=\"https:\/\/www.shahidov.com\/wp-content\/uploads\/2023\/01\/benguturk_07.10-2.jpg\"><img loading=\"lazy\" decoding=\"async\" class=\"aligncenter size-large wp-image-15314\" src=\"https:\/\/www.shahidov.com\/wp-content\/uploads\/2023\/01\/benguturk_07.10-2-700x394.jpg\" alt=\"\" width=\"700\" height=\"394\" srcset=\"https:\/\/www.shahidov.com\/wp-content\/uploads\/2023\/01\/benguturk_07.10-2-700x394.jpg 700w, https:\/\/www.shahidov.com\/wp-content\/uploads\/2023\/01\/benguturk_07.10-2-475x267.jpg 475w, https:\/\/www.shahidov.com\/wp-content\/uploads\/2023\/01\/benguturk_07.10-2-768x432.jpg 768w, https:\/\/www.shahidov.com\/wp-content\/uploads\/2023\/01\/benguturk_07.10-2.jpg 1200w\" sizes=\"auto, (max-width: 700px) 100vw, 700px\" \/><\/a><\/p>\n","protected":false},"excerpt":{"rendered":"<p>\u00c7exiyan\u0131n paytaxt\u0131 Praqada Avropa Siyasi Birliyinin ilk iclas\u0131 ke\u00e7irilir. \u0130clasa d\u0259v\u0259t olunmu\u015f 44 Avropa \u00f6lk\u0259sind\u0259n 43-\u00fc liderl\u0259r s\u0259viyy\u0259sind\u0259 t\u0259msil olunur. May ay\u0131nda Fransa prezidenti Emmanuel Makronun t\u0259klifi il\u0259 ke\u00e7iril\u0259n toplant\u0131ya&hellip; <\/p>\n","protected":false},"author":2,"featured_media":15313,"comment_status":"open","ping_status":"open","sticky":false,"template":"","format":"standard","meta":{"_jetpack_memberships_contains_paid_content":false,"footnotes":""},"categories":[89,72],"tags":[],"class_list":["post-15312","post","type-post","status-publish","format-standard","has-post-thumbnail","hentry","category-musahib","category-slider"],"jetpack_featured_media_url":"https:\/\/www.shahidov.com\/wp-content\/uploads\/2023\/01\/benguturk_07.10-1.jpg","jetpack_sharing_enabled":true,"_links":{"self":[{"href":"https:\/\/www.shahidov.com\/index.php?rest_route=\/wp\/v2\/posts\/15312","targetHints":{"allow":["GET"]}}],"collection":[{"href":"https:\/\/www.shahidov.com\/index.php?rest_route=\/wp\/v2\/posts"}],"about":[{"href":"https:\/\/www.shahidov.com\/index.php?rest_route=\/wp\/v2\/types\/post"}],"author":[{"embeddable":true,"href":"https:\/\/www.shahidov.com\/index.php?rest_route=\/wp\/v2\/users\/2"}],"replies":[{"embeddable":true,"href":"https:\/\/www.shahidov.com\/index.php?rest_route=%2Fwp%2Fv2%2Fcomments&post=15312"}],"version-history":[{"count":2,"href":"https:\/\/www.shahidov.com\/index.php?rest_route=\/wp\/v2\/posts\/15312\/revisions"}],"predecessor-version":[{"id":15372,"href":"https:\/\/www.shahidov.com\/index.php?rest_route=\/wp\/v2\/posts\/15312\/revisions\/15372"}],"wp:featuredmedia":[{"embeddable":true,"href":"https:\/\/www.shahidov.com\/index.php?rest_route=\/wp\/v2\/media\/15313"}],"wp:attachment":[{"href":"https:\/\/www.shahidov.com\/index.php?rest_route=%2Fwp%2Fv2%2Fmedia&parent=15312"}],"wp:term":[{"taxonomy":"category","embeddable":true,"href":"https:\/\/www.shahidov.com\/index.php?rest_route=%2Fwp%2Fv2%2Fcategories&post=15312"},{"taxonomy":"post_tag","embeddable":true,"href":"https:\/\/www.shahidov.com\/index.php?rest_route=%2Fwp%2Fv2%2Ftags&post=15312"}],"curies":[{"name":"wp","href":"https:\/\/api.w.org\/{rel}","templated":true}]}}