{"id":15179,"date":"2022-12-01T16:36:54","date_gmt":"2022-12-01T12:36:54","guid":{"rendered":"https:\/\/www.shahidov.com\/?p=15179"},"modified":"2023-01-13T13:44:55","modified_gmt":"2023-01-13T09:44:55","slug":"at%c9%99t-nazirl%c9%99r-surasinin-iclasinda-n%c9%99l%c9%99r-muzakir%c9%99-olunur-%c9%99hm%c9%99d-sahidov-lodzdan-bbnturk-%c9%99-danisib","status":"publish","type":"post","link":"https:\/\/www.shahidov.com\/?p=15179","title":{"rendered":"AT\u018fT Nazirl\u0259r \u015euras\u0131n\u0131n iclas\u0131nda n\u0259l\u0259r m\u00fczakir\u0259 olunur &#8211; \u018fhm\u0259d \u015eahidov Lodzdan BBNT\u00fcrk-\u0259 dan\u0131\u015f\u0131b"},"content":{"rendered":"<p><iframe loading=\"lazy\" title=\"YouTube video player\" src=\"https:\/\/www.youtube.com\/embed\/WJIooN-HNfY\" width=\"750\" height=\"422\" frameborder=\"0\" allowfullscreen=\"allowfullscreen\"><\/iframe><\/p>\n<p>Pol\u015fan\u0131n s\u0259drliyi il\u0259 Avropada T\u0259hl\u00fck\u0259sizlik v\u0259 \u018fm\u0259kda\u015fl\u0131q T\u0259\u015fkilat\u0131n\u0131n (AT\u018fT) Nazirl\u0259r \u015euras\u0131n\u0131n iclas\u0131 ba\u015flay\u0131b. Paytaxt Var\u015favadan t\u0259xmin\u0259n 140 kilometr aral\u0131da yerl\u0259\u015f\u0259n Lodz \u015f\u0259h\u0259rind\u0259 ke\u00e7iril\u0259n konfrans 2 g\u00fcn davam ed\u0259c\u0259k.<\/p>\n<p>Pol\u015fan\u0131n xarici i\u015fl\u0259r naziri Zbiqnev Rau AT\u018fT-in f\u0259aliyy\u0259td\u0259 olan s\u0259dri kimi h\u0259mkarlar\u0131n\u0131 qap\u0131da qar\u015f\u0131lay\u0131b. T\u00fcrkiy\u0259nin xarici i\u015fl\u0259r naziri M\u00f6vlud \u00c7avu\u015fo\u011flu da Avropa T\u0259hl\u00fck\u0259sizlik v\u0259 \u018fm\u0259kda\u015fl\u0131q T\u0259\u015fkilat\u0131n\u0131n Nazirl\u0259r \u015euras\u0131n\u0131n 29-cu iclas\u0131nda i\u015ftirak etm\u0259k \u00fc\u00e7\u00fcn d\u00fcn\u0259n Lodza s\u0259f\u0259r edib.<\/p>\n<p>\u00c7avu\u015fo\u011flu Az\u0259rbaycan\u0131n xarici i\u015fl\u0259r naziri Ceyhun Bayramov v\u0259 AT\u018fT-in ba\u015f katibi Helqa \u015emidl\u0259 ikit\u0259r\u0259fli g\u00f6r\u00fc\u015fl\u0259r ke\u00e7irib.<\/p>\n<p>AT\u018fT Nazirl\u0259r \u015euras\u0131n\u0131n iclas\u0131nda i\u015ftirak ed\u0259n beyn\u0259lxalq \u0259laq\u0259l\u0259r \u00fczr\u0259 m\u00fct\u0259x\u0259ssis Dr. \u018fhm\u0259d \u015eahidov Lodzdan BBNT\u00fcrk Televiziyas\u0131 \u00fc\u00e7\u00fcn d\u0259y\u0259rl\u0259ndirm\u0259 apar\u0131b.<\/p>\n<p><a href=\"https:\/\/www.shahidov.com\/wp-content\/uploads\/2023\/01\/bbnturk_01.12-1.jpg\"><img loading=\"lazy\" decoding=\"async\" class=\"aligncenter size-large wp-image-15180\" src=\"https:\/\/www.shahidov.com\/wp-content\/uploads\/2023\/01\/bbnturk_01.12-1-700x394.jpg\" alt=\"\" width=\"700\" height=\"394\" srcset=\"https:\/\/www.shahidov.com\/wp-content\/uploads\/2023\/01\/bbnturk_01.12-1-700x394.jpg 700w, https:\/\/www.shahidov.com\/wp-content\/uploads\/2023\/01\/bbnturk_01.12-1-475x267.jpg 475w, https:\/\/www.shahidov.com\/wp-content\/uploads\/2023\/01\/bbnturk_01.12-1-768x432.jpg 768w, https:\/\/www.shahidov.com\/wp-content\/uploads\/2023\/01\/bbnturk_01.12-1-1536x864.jpg 1536w, https:\/\/www.shahidov.com\/wp-content\/uploads\/2023\/01\/bbnturk_01.12-1.jpg 1800w\" sizes=\"auto, (max-width: 700px) 100vw, 700px\" \/><\/a> <a href=\"https:\/\/www.shahidov.com\/wp-content\/uploads\/2023\/01\/bbnturk_01.12-4.jpg\"><img loading=\"lazy\" decoding=\"async\" class=\"aligncenter size-large wp-image-15181\" src=\"https:\/\/www.shahidov.com\/wp-content\/uploads\/2023\/01\/bbnturk_01.12-4-700x394.jpg\" alt=\"\" width=\"700\" height=\"394\" srcset=\"https:\/\/www.shahidov.com\/wp-content\/uploads\/2023\/01\/bbnturk_01.12-4-700x394.jpg 700w, https:\/\/www.shahidov.com\/wp-content\/uploads\/2023\/01\/bbnturk_01.12-4-475x267.jpg 475w, https:\/\/www.shahidov.com\/wp-content\/uploads\/2023\/01\/bbnturk_01.12-4-768x432.jpg 768w, https:\/\/www.shahidov.com\/wp-content\/uploads\/2023\/01\/bbnturk_01.12-4-1536x864.jpg 1536w, https:\/\/www.shahidov.com\/wp-content\/uploads\/2023\/01\/bbnturk_01.12-4.jpg 1800w\" sizes=\"auto, (max-width: 700px) 100vw, 700px\" \/><\/a> <a href=\"https:\/\/www.shahidov.com\/wp-content\/uploads\/2023\/01\/bbnturk_01.12-3.jpg\"><img loading=\"lazy\" decoding=\"async\" class=\"aligncenter size-large wp-image-15182\" src=\"https:\/\/www.shahidov.com\/wp-content\/uploads\/2023\/01\/bbnturk_01.12-3-700x394.jpg\" alt=\"\" width=\"700\" height=\"394\" srcset=\"https:\/\/www.shahidov.com\/wp-content\/uploads\/2023\/01\/bbnturk_01.12-3-700x394.jpg 700w, https:\/\/www.shahidov.com\/wp-content\/uploads\/2023\/01\/bbnturk_01.12-3-475x267.jpg 475w, https:\/\/www.shahidov.com\/wp-content\/uploads\/2023\/01\/bbnturk_01.12-3-768x432.jpg 768w, https:\/\/www.shahidov.com\/wp-content\/uploads\/2023\/01\/bbnturk_01.12-3-1536x864.jpg 1536w, https:\/\/www.shahidov.com\/wp-content\/uploads\/2023\/01\/bbnturk_01.12-3.jpg 1800w\" sizes=\"auto, (max-width: 700px) 100vw, 700px\" \/><\/a> <a href=\"https:\/\/www.shahidov.com\/wp-content\/uploads\/2023\/01\/bbnturk_01.12-2.jpg\"><img loading=\"lazy\" decoding=\"async\" class=\"aligncenter size-large wp-image-15183\" src=\"https:\/\/www.shahidov.com\/wp-content\/uploads\/2023\/01\/bbnturk_01.12-2-700x394.jpg\" alt=\"\" width=\"700\" height=\"394\" srcset=\"https:\/\/www.shahidov.com\/wp-content\/uploads\/2023\/01\/bbnturk_01.12-2-700x394.jpg 700w, https:\/\/www.shahidov.com\/wp-content\/uploads\/2023\/01\/bbnturk_01.12-2-475x267.jpg 475w, https:\/\/www.shahidov.com\/wp-content\/uploads\/2023\/01\/bbnturk_01.12-2-768x432.jpg 768w, https:\/\/www.shahidov.com\/wp-content\/uploads\/2023\/01\/bbnturk_01.12-2-1536x864.jpg 1536w, https:\/\/www.shahidov.com\/wp-content\/uploads\/2023\/01\/bbnturk_01.12-2.jpg 1800w\" sizes=\"auto, (max-width: 700px) 100vw, 700px\" \/><\/a><\/p>\n","protected":false},"excerpt":{"rendered":"<p>Pol\u015fan\u0131n s\u0259drliyi il\u0259 Avropada T\u0259hl\u00fck\u0259sizlik v\u0259 \u018fm\u0259kda\u015fl\u0131q T\u0259\u015fkilat\u0131n\u0131n (AT\u018fT) Nazirl\u0259r \u015euras\u0131n\u0131n iclas\u0131 ba\u015flay\u0131b. Paytaxt Var\u015favadan t\u0259xmin\u0259n 140 kilometr aral\u0131da yerl\u0259\u015f\u0259n Lodz \u015f\u0259h\u0259rind\u0259 ke\u00e7iril\u0259n konfrans 2 g\u00fcn davam ed\u0259c\u0259k. Pol\u015fan\u0131n xarici&hellip; <\/p>\n","protected":false},"author":2,"featured_media":15180,"comment_status":"open","ping_status":"open","sticky":false,"template":"","format":"standard","meta":{"_jetpack_memberships_contains_paid_content":false,"footnotes":""},"categories":[89,72],"tags":[],"class_list":["post-15179","post","type-post","status-publish","format-standard","has-post-thumbnail","hentry","category-musahib","category-slider"],"jetpack_featured_media_url":"https:\/\/www.shahidov.com\/wp-content\/uploads\/2023\/01\/bbnturk_01.12-1.jpg","jetpack_sharing_enabled":true,"_links":{"self":[{"href":"https:\/\/www.shahidov.com\/index.php?rest_route=\/wp\/v2\/posts\/15179","targetHints":{"allow":["GET"]}}],"collection":[{"href":"https:\/\/www.shahidov.com\/index.php?rest_route=\/wp\/v2\/posts"}],"about":[{"href":"https:\/\/www.shahidov.com\/index.php?rest_route=\/wp\/v2\/types\/post"}],"author":[{"embeddable":true,"href":"https:\/\/www.shahidov.com\/index.php?rest_route=\/wp\/v2\/users\/2"}],"replies":[{"embeddable":true,"href":"https:\/\/www.shahidov.com\/index.php?rest_route=%2Fwp%2Fv2%2Fcomments&post=15179"}],"version-history":[{"count":1,"href":"https:\/\/www.shahidov.com\/index.php?rest_route=\/wp\/v2\/posts\/15179\/revisions"}],"predecessor-version":[{"id":15184,"href":"https:\/\/www.shahidov.com\/index.php?rest_route=\/wp\/v2\/posts\/15179\/revisions\/15184"}],"wp:featuredmedia":[{"embeddable":true,"href":"https:\/\/www.shahidov.com\/index.php?rest_route=\/wp\/v2\/media\/15180"}],"wp:attachment":[{"href":"https:\/\/www.shahidov.com\/index.php?rest_route=%2Fwp%2Fv2%2Fmedia&parent=15179"}],"wp:term":[{"taxonomy":"category","embeddable":true,"href":"https:\/\/www.shahidov.com\/index.php?rest_route=%2Fwp%2Fv2%2Fcategories&post=15179"},{"taxonomy":"post_tag","embeddable":true,"href":"https:\/\/www.shahidov.com\/index.php?rest_route=%2Fwp%2Fv2%2Ftags&post=15179"}],"curies":[{"name":"wp","href":"https:\/\/api.w.org\/{rel}","templated":true}]}}