{"id":1313,"date":"2010-05-15T01:23:32","date_gmt":"2010-05-14T21:23:32","guid":{"rendered":"https:\/\/www.shahidov.com\/?p=1313"},"modified":"2010-05-15T01:41:47","modified_gmt":"2010-05-14T21:41:47","slug":"%e2%80%9cruminiyanin-%c9%99sasini-turkl%c9%99r-qoyublarmi%e2%80%9d","status":"publish","type":"post","link":"https:\/\/www.shahidov.com\/?p=1313","title":{"rendered":"\u201cRUMIN\u0130YANIN \u018fSASINI T\u00dcRKL\u018fR QOYUBLARMI?!\u201d"},"content":{"rendered":"<p><strong><a href=\"https:\/\/www.shahidov.com\/wp-content\/uploads\/c.jpg\"><img loading=\"lazy\" decoding=\"async\" class=\"alignleft size-full wp-image-1314\" title=\"c\" src=\"https:\/\/www.shahidov.com\/wp-content\/uploads\/c.jpg\" alt=\"\" width=\"150\" height=\"100\" \/><\/a>\u018fhm\u0259d \u015eahidov T\u00fcrkiy\u0259nin Celal Bayar Universitetind\u0259 \u00e7\u0131x\u0131\u015f etdi<br \/>\n<\/strong><em>T\u00fcrkiy\u0259nin Manisa \u015f\u0259h\u0259rind\u0259 ke\u00e7iril\u0259n \u201c\u0130kinci Beyn\u0259lxalq Balkanlarda T\u00fcrk Varl\u0131\u011f\u0131 Sempozyumu\u201dnda az\u0259rbaycanl\u0131 g\u0259nc alim Rusiya Federasiyas\u0131 n\u00fcmay\u0259nd\u0259si kimi t\u0259qdim edilib<br \/>\n<\/em>Yerli v\u0259 xarici m\u0259tbuatdak\u0131 maraql\u0131 yaz\u0131lar\u0131 il\u0259 oxucular\u0131m\u0131za tan\u0131\u015f olan g\u0259nc PhD \u018fhm\u0259d \u015eahidov d\u00fcn\u0259n (14 May 2010) T\u00fcrkiy\u0259nin Manisa \u015f\u0259h\u0259rind\u0259 yerl\u0259\u015f\u0259n Celal Bayar Universitetind\u0259 \u00e7\u0131x\u0131\u015f edib. <!--more-->Universitetin S\u00fcleyman D\u0259mir\u0259l M\u0259d\u0259niyy\u0259t M\u0259rk\u0259zind\u0259 ke\u00e7iril\u0259n \u201c\u0130kinci Beyn\u0259lxalq Balkanlarda T\u00fcrk Varl\u0131\u011f\u0131 Sempozyumu\u201dnda g\u0259nc alim \u201cBeyn\u0259lxalq m\u00fcnasib\u0259tl\u0259r, Balkanlar v\u0259 T\u00fcrkiy\u0259nin siyas\u0259ti\u201d m\u00f6vzusunda maraql\u0131 m\u0259ruz\u0259 il\u0259 \u00e7\u0131x\u0131\u015f edib. D\u00fcnyan\u0131n bir \u00e7ox \u00f6lk\u0259sind\u0259n alim v\u0259 ara\u015fd\u0131rma\u00e7\u0131lar\u0131n qat\u0131ld\u0131\u011f\u0131 bu m\u00f6ht\u0259\u015f\u0259m t\u0259dbird\u0259 Nax\u00e7\u0131van Milli Elml\u0259r Akademiyas\u0131n\u0131n iki \u0259m\u0259kda\u015f\u0131 da \u00e7\u0131x\u0131\u015f etmi\u015fl\u0259r.<\/p>\n<p style=\"text-align: center;\"><a href=\"https:\/\/www.shahidov.com\/wp-content\/uploads\/a.jpg\"><img loading=\"lazy\" decoding=\"async\" class=\"aligncenter size-full wp-image-1315\" title=\"a\" src=\"https:\/\/www.shahidov.com\/wp-content\/uploads\/a.jpg\" alt=\"\" width=\"450\" height=\"300\" srcset=\"https:\/\/www.shahidov.com\/wp-content\/uploads\/a.jpg 450w, https:\/\/www.shahidov.com\/wp-content\/uploads\/a-150x100.jpg 150w\" sizes=\"auto, (max-width: 450px) 100vw, 450px\" \/><\/a><a href=\"https:\/\/www.shahidov.com\/wp-content\/uploads\/a.jpg\"><\/a><\/p>\n<p>Rusiya Federasiyas\u0131 Prezidenti yan\u0131nda D\u00f6vl\u0259t \u0130dar\u0259\u00e7iliyi Akademiyas\u0131n\u0131n \u201cD\u00f6vl\u0259t h\u00fcququ\u201d fak\u00fclt\u0259sinin 3-c\u00fc kursunda akademik t\u0259hsilini davam etdir\u0259n g\u0259nc alim Manisa \u015f\u0259h\u0259rind\u0259 ke\u00e7iril\u0259n bu t\u0259dbird\u0259 \u00f6z \u00e7\u0131x\u0131\u015f\u0131n\u0131 da m\u0259hz h\u00fcquq m\u00fcst\u0259visind\u0259 qurmu\u015fdur. \u018fvv\u0259lc\u0259 Balkan yar\u0131madas\u0131n\u0131n tarixi v\u0259 co\u011frafi x\u00fcsusiyy\u0259tl\u0259rini sadalayan \u018fhm\u0259d \u015eahidov daha sonra bu torpaqlar\u0131n ilk sakinl\u0259rini ara\u015fd\u0131r\u0131r, t\u00fcrkl\u0259rin bu \u0259razil\u0259r\u0259 sonradan k\u00f6\u00e7m\u0259diyini, \u0259ksin\u0259 h\u0259l\u0259 q\u0259dim zamanlardan bu torpaqlarda ya\u015fad\u0131qlar\u0131n\u0131 vur\u011fulam\u0131\u015fd\u0131r. Balkan yar\u0131madas\u0131nda ba\u015f ver\u0259n m\u00fcharib\u0259l\u0259r, daha sonra m\u00fcst\u0259qillik \u0259ld\u0259 etmi\u015f d\u00f6vl\u0259tl\u0259r v\u0259 h\u0259min \u00f6lk\u0259l\u0259rd\u0259 ya\u015fayan mill\u0259tl\u0259rin x\u00fcsusiyy\u0259tl\u0259rini ara\u015fd\u0131ran g\u0259nc alim T\u00fcrkiy\u0259 C\u00fcmhuriyy\u0259tinin h\u0259r zaman bu torpaqlara v\u0259 orada ya\u015fayan t\u00fcrkl\u0259r\u0259 qar\u015f\u0131 h\u0259ssas oldu\u011funu qeyd etmi\u015fdir. \u018f.\u015eahidovun s\u00f6zl\u0259rin\u0259 g\u00f6r\u0259, Balkanlar h\u0259r zaman m\u00fcharib\u0259 v\u0259 intriqa oca\u011f\u0131 olmu\u015fdur, burada t\u0259kc\u0259 din sava\u015f\u0131 deyil, eyni zamanda m\u0259d\u0259niyy\u0259tl\u0259rin d\u0259 m\u00fcbariz\u0259si ba\u015f vermi\u015f v\u0259 indi d\u0259 bunun \u015fahidi oluruq. Q\u0259rb v\u0259 xristian d\u00fcnyas\u0131 davaml\u0131 v\u0259 m\u0259qs\u0259dli \u015f\u0259kild\u0259 t\u00fcrkl\u0259ri bu \u0259razid\u0259n s\u0131x\u0131\u015fd\u0131rma\u011fa \u00e7al\u0131\u015f\u0131r, T\u00fcrkiy\u0259nin Balkanlardak\u0131 t\u0259sirini minimuma endirm\u0259k \u00fc\u00e7\u00fcn \u0259lind\u0259n g\u0259l\u0259ni edir. Tarix boyu bu b\u00f6lg\u0259d\u0259 ya\u015fam\u0131\u015f t\u00fcrkl\u0259rin tikib yaratd\u0131qlar\u0131 m\u0259scidl\u0259r, m\u00fcxt\u0259lif m\u0259d\u0259niyy\u0259t abid\u0259l\u0259ri ya da\u011f\u0131d\u0131lm\u0131\u015f, ya da restavrasiya ad\u0131yla ba\u015fqa formaya sal\u0131nm\u0131\u015fd\u0131r. Bu s\u0259b\u0259bd\u0259n regionda t\u00fcrkl\u0259rin varl\u0131\u011f\u0131n\u0131 qoruyub saxlamaq n\u00f6qteyi-n\u0259z\u0259rind\u0259n T\u00fcrkiy\u0259 d\u00f6vl\u0259tinin s\u0259yl\u0259rini y\u00fcks\u0259k qiym\u0259tl\u0259ndir\u0259n \u018fhm\u0259d \u015eahidov sempozyumun gedi\u015fi v\u0259 orada a\u00e7\u0131qlanan fikirl\u0259r bar\u0259d\u0259 m\u00fcxbirimiz\u0259 maraql\u0131 faktlar a\u00e7\u0131qlad\u0131: \u201cY\u00fcz\u0259 yax\u0131n alimin qat\u0131ld\u0131\u011f\u0131 bu beyn\u0259lxalq t\u0259dbird\u0259 Balkan \u00f6lk\u0259l\u0259ri v\u0259 orada ba\u015f ver\u0259n hadis\u0259l\u0259r bar\u0259d\u0259 \u00e7ox ilginc m\u0259lumatlar \u0259ld\u0259 etdim. Sempozyuma t\u0259kc\u0259 t\u00fcrk d\u00f6vl\u0259tl\u0259rind\u0259n deyil, Balkan \u00f6lk\u0259l\u0259rind\u0259n d\u0259 &#8211; Kosova, Rum\u0131niya, Bolqar\u0131stan, Makedoniya, Hersoqovina, Xorvatiyadan g\u0259lmi\u015f ara\u015fd\u0131rma\u00e7\u0131lar i\u015ftirak edirdi. Onlar\u0131n \u00e7\u0131x\u0131\u015flar\u0131n\u0131 bir-bir dinl\u0259dim. M\u0259nim Balkan regionu il\u0259 ba\u011fl\u0131 t\u0259s\u0259vv\u00fcrl\u0259rim daha da z\u0259nginl\u0259\u015fdi. \u00d6yr\u0259ndim ki, Rum\u0131niyan\u0131n \u0259sas\u0131n\u0131 qoyan m\u0259hz t\u00fcrkl\u0259r olub, Balkanlara \u0130slam dinini v\u0259 m\u0259d\u0259niyy\u0259tini m\u0259hz t\u00fcrkl\u0259r g\u0259tiribl\u0259r, m\u00fcharib\u0259l\u0259r zaman\u0131 regiondak\u0131 t\u00fcrk \u015f\u0259hidl\u0259rinin m\u0259zarlar\u0131 da\u011f\u0131d\u0131lm\u0131\u015f v\u0259 yerind\u0259 xristian q\u0259bristanl\u0131\u011f\u0131 sal\u0131nm\u0131\u015fd\u0131r, t\u00fcrkl\u0259rin Balkanlardak\u0131 tarixi m\u00f6vcudlu\u011funu s\u00fcbut ed\u0259n tarixi s\u0259n\u0259dl\u0259ri Birinci D\u00fcnya M\u00fcharib\u0259si zaman\u0131 bir ingilis taciri ucuz qiym\u0259t\u0259 alm\u0131\u015f v\u0259 \u0130ngilt\u0259r\u0259y\u0259 aparm\u0131\u015fd\u0131r. Hal-haz\u0131rda Britaniya h\u00f6kum\u0259ti h\u0259min s\u0259n\u0259dl\u0259ri m\u0259xfi \u015f\u0259kild\u0259 saxlay\u0131r v\u0259 tarix\u00e7il\u0259rin ara\u015fd\u0131rmas\u0131na imkan vermir. G\u00f6r\u00fcn\u00fcr, Q\u0259rb d\u00fcnyas\u0131 t\u00fcrkl\u0259rin h\u0259qiq\u0259t\u0259n d\u00fcnyan\u0131n q\u0259dim sahibi olduqlar\u0131n\u0131 bildiyind\u0259n buc\u00fcr informasiyalar\u0131 geni\u015f ictimaiyy\u0259t\u0259 a\u00e7\u0131qlam\u0131r v\u0259 \u0259ksin\u0259, T\u00fcrkiy\u0259ni v\u0259 t\u00fcrkl\u0259ri h\u0259r v\u0259chl\u0259 z\u0259ifl\u0259tm\u0259y\u0259 \u00e7al\u0131\u015f\u0131rlar.\u201d<\/p>\n<p><a href=\"https:\/\/www.shahidov.com\/wp-content\/uploads\/b.jpg\"><img loading=\"lazy\" decoding=\"async\" class=\"aligncenter size-full wp-image-1316\" title=\"b\" src=\"https:\/\/www.shahidov.com\/wp-content\/uploads\/b.jpg\" alt=\"\" width=\"450\" height=\"620\" srcset=\"https:\/\/www.shahidov.com\/wp-content\/uploads\/b.jpg 450w, https:\/\/www.shahidov.com\/wp-content\/uploads\/b-72x100.jpg 72w\" sizes=\"auto, (max-width: 450px) 100vw, 450px\" \/><\/a><\/p>\n<p>Balkanlarda T\u00fcrk varl\u0131\u011f\u0131 bar\u0259d\u0259 maraql\u0131 fikirl\u0259rini a\u00e7\u0131qlayan g\u0259nc alim \u018fhm\u0259d \u015eahidov daha bir s\u00fcrpriz olay\u0131 q\u0259zetimiz\u0259 a\u00e7\u0131qlad\u0131. Bel\u0259 ki, sempozyumda \u00e7\u0131x\u0131\u015f zaman\u0131 az\u0259rbaycanl\u0131 ara\u015fd\u0131rma\u00e7\u0131 Rusiya Federasiyas\u0131n\u0131n n\u00fcmay\u0259nd\u0259si kimi t\u0259qdim edilmi\u015fdir. Konfrans ba\u015flanmazdan \u0259vv\u0259l qeydiyyat zaman\u0131 ona t\u0259qdim edil\u0259n i\u015ftirak kart\u0131nda da m\u0259nsub oldu\u011fu \u00f6lk\u0259nin Rusiya kimi g\u00f6st\u0259rildiyini bildir\u0259n \u018fhm\u0259d \u015eahidov bunu t\u0259hsil ald\u0131\u011f\u0131 akademiya il\u0259 \u0259laq\u0259l\u0259ndirdi: \u201cA\u00e7\u0131\u011f\u0131n\u0131 des\u0259m, m\u0259n d\u0259 bunu g\u00f6zl\u0259mirdim. Qeydiyyat zaman\u0131 m\u0259n\u0259 sin\u0259md\u0259 asmaq \u00fc\u00e7\u00fcn kimlik kart\u0131 verildi. Kart\u0131n \u00fcz\u0259rind\u0259 \u201cDr. Ahmet \u015eahidov \u2013 Rusya Federasyonu\u201d s\u00f6zl\u0259ri yaz\u0131lm\u0131\u015fd\u0131. Daha sonra sempozyumun proqram kitab\u00e7as\u0131na baxd\u0131m, orada da m\u0259nsub oldu\u011fum \u00f6lk\u0259 Rusiya g\u00f6st\u0259rilmi\u015fdi. \u00c7\u0131x\u0131\u015f\u0131m zaman\u0131 m\u0259ni m\u0259hz Rusiya n\u00fcmay\u0259nd\u0259si kimi t\u0259qdim etdil\u0259r. Sonradan anlad\u0131m ki, Rusiya Federasiyas\u0131 Prezidenti yan\u0131nda D\u00f6vl\u0259t \u0130dar\u0259\u00e7ilik Akademiyas\u0131nda t\u0259hsil ald\u0131\u011f\u0131mdan m\u0259ni rus olaraq z\u0259nn edibl\u0259r. H\u0259tta \u00e7\u0131x\u0131\u015f\u0131m\u0131 Osmanl\u0131 t\u00fcrkc\u0259sind\u0259 ed\u0259rk\u0259n dinl\u0259yicil\u0259rin \u00fcz\u00fcnd\u0259 bir t\u0259\u0259cc\u00fcb hissini duyurdum. Sanki bir rusun t\u00fcrkc\u0259 g\u00f6z\u0259l dan\u0131\u015fmas\u0131ndan heyr\u0259t\u0259 g\u0259lmi\u015f kimi idil\u0259r. Lakin sonradan ayaq\u00fcst\u00fc s\u00f6hb\u0259tl\u0259r zaman\u0131 \u0259sl\u0259n Az\u0259rbaycandan oldu\u011fumu, y\u0259ni bir t\u00fcrk oldu\u011fumu, sad\u0259c\u0259 Moskvada t\u0259hsil ald\u0131\u011f\u0131m\u0131 \u00e7atd\u0131rd\u0131m. Onu da qeyd edim ki, Rusiyada t\u0259hsil alma\u011f\u0131m t\u00fcrkl\u0259rin \u00e7ox xo\u015funa g\u0259ldi. M\u0259n\u0259\u00a0 Rusiya-T\u00fcrkiy\u0259 m\u00fcnasib\u0259tl\u0259ri, o c\u00fcml\u0259d\u0259n Rusiya d\u00f6vl\u0259tinin Balkanlarla ba\u011fl\u0131 siyas\u0259tind\u0259n \u00e7oxlu suallar verildi. Bir professor m\u0259nim daha \u00e7ox hans\u0131 y\u00f6n\u00fcml\u00fc oldu\u011fumu soru\u015fdu. He\u00e7 fikirl\u0259\u015fm\u0259d\u0259n T\u00fcrk oldu\u011fumu v\u0259 kimliyiml\u0259 d\u0259 q\u00fcrur duydu\u011fumu bildirdim. \u00c7\u0131x\u0131\u015f\u0131mdan daha \u00e7ox m\u0259hz bu k\u0259lm\u0259m gurultulu alq\u0131\u015flara s\u0259b\u0259b oldu. Sonda Celal Bayar Universitetinin x\u00fcsusi \u00f6d\u00fcl\u00fc il\u0259 m\u00fckafatland\u0131r\u0131ld\u0131m. \u00dcmumiyy\u0259tl\u0259, bu s\u0259f\u0259rimd\u0259n \u00e7ox raz\u0131 qald\u0131m v\u0259 bu s\u0259b\u0259bd\u0259n \u00f6z\u00fcm\u00fc \u00e7ox mutlu hiss edir\u0259m\u201d.<\/p>\n<p>Sonda \u018fhm\u0259d \u015eahidovun g\u0259l\u0259c\u0259k planlar\u0131 il\u0259 d\u0259 ba\u011fl\u0131 maraqland\u0131q. 29 May &#8211; 06 \u0130yun 2010-cu il tarixl\u0259rind\u0259 Balkan \u00f6lk\u0259l\u0259rin\u0259 s\u0259f\u0259r ed\u0259c\u0259yini bildir\u0259n g\u0259nc alim Kosovoda d\u00fcz\u0259nl\u0259n\u0259c\u0259k beyn\u0259lxalq konfransda ox\u015far m\u00f6vzuda \u00e7\u0131x\u0131\u015f ed\u0259c\u0259yini, daha sonra Albaniya, Herseqovina, \u00c7ernoqoriya v\u0259 Xorvatiyaya s\u0259f\u0259r ed\u0259c\u0259yini bildirdi.<\/p>\n<p>[flickr-gallery mode=&#8221;photoset&#8221; photoset=&#8221;72157623934710191&#8243;]<\/p>\n","protected":false},"excerpt":{"rendered":"<p>\u018fhm\u0259d \u015eahidov T\u00fcrkiy\u0259nin Celal Bayar Universitetind\u0259 \u00e7\u0131x\u0131\u015f etdi T\u00fcrkiy\u0259nin Manisa \u015f\u0259h\u0259rind\u0259 ke\u00e7iril\u0259n \u201c\u0130kinci Beyn\u0259lxalq Balkanlarda T\u00fcrk Varl\u0131\u011f\u0131 Sempozyumu\u201dnda az\u0259rbaycanl\u0131 g\u0259nc alim Rusiya Federasiyas\u0131 n\u00fcmay\u0259nd\u0259si kimi t\u0259qdim edilib Yerli v\u0259 xarici&hellip; <\/p>\n","protected":false},"author":2,"featured_media":1315,"comment_status":"open","ping_status":"open","sticky":false,"template":"","format":"standard","meta":{"_jetpack_memberships_contains_paid_content":false,"footnotes":""},"categories":[15],"tags":[],"class_list":["post-1313","post","type-post","status-publish","format-standard","has-post-thumbnail","hentry","category-elmi-konfranslar"],"jetpack_featured_media_url":"https:\/\/www.shahidov.com\/wp-content\/uploads\/a.jpg","jetpack_sharing_enabled":true,"_links":{"self":[{"href":"https:\/\/www.shahidov.com\/index.php?rest_route=\/wp\/v2\/posts\/1313","targetHints":{"allow":["GET"]}}],"collection":[{"href":"https:\/\/www.shahidov.com\/index.php?rest_route=\/wp\/v2\/posts"}],"about":[{"href":"https:\/\/www.shahidov.com\/index.php?rest_route=\/wp\/v2\/types\/post"}],"author":[{"embeddable":true,"href":"https:\/\/www.shahidov.com\/index.php?rest_route=\/wp\/v2\/users\/2"}],"replies":[{"embeddable":true,"href":"https:\/\/www.shahidov.com\/index.php?rest_route=%2Fwp%2Fv2%2Fcomments&post=1313"}],"version-history":[{"count":0,"href":"https:\/\/www.shahidov.com\/index.php?rest_route=\/wp\/v2\/posts\/1313\/revisions"}],"wp:featuredmedia":[{"embeddable":true,"href":"https:\/\/www.shahidov.com\/index.php?rest_route=\/wp\/v2\/media\/1315"}],"wp:attachment":[{"href":"https:\/\/www.shahidov.com\/index.php?rest_route=%2Fwp%2Fv2%2Fmedia&parent=1313"}],"wp:term":[{"taxonomy":"category","embeddable":true,"href":"https:\/\/www.shahidov.com\/index.php?rest_route=%2Fwp%2Fv2%2Fcategories&post=1313"},{"taxonomy":"post_tag","embeddable":true,"href":"https:\/\/www.shahidov.com\/index.php?rest_route=%2Fwp%2Fv2%2Ftags&post=1313"}],"curies":[{"name":"wp","href":"https:\/\/api.w.org\/{rel}","templated":true}]}}