{"id":12311,"date":"2020-02-06T19:20:55","date_gmt":"2020-02-06T15:20:55","guid":{"rendered":"https:\/\/www.shahidov.com\/?p=12311"},"modified":"2020-03-12T15:15:15","modified_gmt":"2020-03-12T11:15:15","slug":"%c9%99hm%c9%99d-sahidov-qax-rayonu-qum-k%c9%99ndind%c9%99-s%c9%99hid-r%c9%99hman-azayevin-ail%c9%99sini-ziyar%c9%99t-edib","status":"publish","type":"post","link":"https:\/\/www.shahidov.com\/?p=12311","title":{"rendered":"\u018fhm\u0259d \u015eahidov Qax rayonu Qum k\u0259ndind\u0259 \u015e\u0259hid R\u0259hman Azayevin ail\u0259sini ziyar\u0259t edib"},"content":{"rendered":"<p><a href=\"https:\/\/www.shahidov.com\/wp-content\/uploads\/2020\/02\/qum_kendi_shehid_anasi_1.jpg\"><img loading=\"lazy\" decoding=\"async\" class=\"aligncenter size-large wp-image-12312\" src=\"https:\/\/www.shahidov.com\/wp-content\/uploads\/2020\/02\/qum_kendi_shehid_anasi_1-620x350.jpg\" alt=\"\" width=\"620\" height=\"350\" \/><\/a>112 sayl\u0131 Qax se\u00e7ki dair\u0259sind\u0259n deputatl\u0131\u011fa namiz\u0259d, tan\u0131nm\u0131\u015f h\u00fcquq m\u00fcdafi\u0259\u00e7isi \u018fhm\u0259d \u015eahidov Qax rayonunun Qum k\u0259ndind\u0259 \u015f\u0259hid R\u0259hman Azayevin ail\u0259sini izyar\u0259t edib. \u015e\u0259hidin anas\u0131 v\u0259 qarda\u015f\u0131 il\u0259 g\u00f6r\u00fc\u015f\u0259n deputatl\u0131\u011fa namiz\u0259d ail\u0259nin qay\u011f\u0131lar\u0131 il\u0259 yax\u0131ndan maraqlan\u0131b. \u015e\u0259hid v\u0259 qazil\u0259r\u0259 d\u00f6vl\u0259tin g\u00f6st\u0259rdiyi diqq\u0259t v\u0259 qay\u011f\u0131dan s\u00f6z a\u00e7an \u018fhm\u0259d \u015eahidov \u00f6lk\u0259 ba\u015f\u00e7\u0131s\u0131 c\u0259nab \u0130lham \u018fliyevin h\u0259r zaman \u015f\u0259hid ail\u0259l\u0259rin\u0259 x\u00fcsusi h\u0259ssasl\u0131qla yana\u015fd\u0131\u011f\u0131n\u0131 v\u0259 bunun ham\u0131ya a\u00e7\u0131q bir mesaj oldu\u011funu bildirib.<\/p>\n<p><iframe loading=\"lazy\" src=\"https:\/\/www.youtube.com\/embed\/ZcaM1zuEeQM\" width=\"640\" height=\"360\" frameborder=\"0\" allowfullscreen=\"allowfullscreen\"><span data-mce-type=\"bookmark\" style=\"display: inline-block; width: 0px; overflow: hidden; line-height: 0;\" class=\"mce_SELRES_start\">\ufeff<\/span><\/iframe><\/p>\n<p>Qeyd ed\u0259k ki, \u018fhm\u0259d \u015eair o\u011flu \u015eAH\u0130DOV 1982-ci ild\u0259 Qax rayonunda anadan olub. Bak\u0131 Slavyan Universitetinin bakalavr, magistratura v\u0259 aspirantura pill\u0259l\u0259rini bitirib. Filologiya \u00fczr\u0259 F\u0259ls\u0259f\u0259 Doktoru elmi d\u0259r\u0259c\u0259sini m\u00fcdafi\u0259 edib. Daha sonra Moskva \u015f\u0259h\u0259rind\u0259 Rusiya Federasiyas\u0131 Prezidenti yan\u0131nda D\u00f6vl\u0259t \u0130dar\u0259\u00e7ilik Akademiyas\u0131n\u0131n \u201cD\u00f6vl\u0259t H\u00fcququ\u201d fak\u00fclt\u0259sini bitirib.<\/p>\n<p>Az\u0259rbaycan Demokratiya v\u0259 \u0130nsan Haqlar\u0131 \u0130nstitutunun direktoru, eyni zamanda Az\u0259rbaycanl\u0131 \u018fsir v\u0259 Girovlarla ba\u011fl\u0131 M\u0259lumat M\u0259rk\u0259zinin koordinatorudur. D\u00fcnyan\u0131n 65 \u00f6lk\u0259sind\u0259 beyn\u0259lxalq t\u0259\u015fkilatlarda Az\u0259rbaycan\u0131n milli maraqlar\u0131, Da\u011fl\u0131q Qaraba\u011f m\u00fcnaqi\u015f\u0259si, az\u0259rbaycanl\u0131 \u0259sir v\u0259 girovlarla ba\u011fl\u0131 \u00e7oxsayl\u0131 \u00e7\u0131x\u0131\u015flar edib.<\/p>\n<p>Evlidir, 2 \u00f6vlad\u0131 var. Rus, ingilis dill\u0259rind\u0259 s\u0259rb\u0259st dan\u0131\u015f\u0131r.<\/p>\n<p>www.shahidov.com<\/p>\n<p><a href=\"https:\/\/www.shahidov.com\/wp-content\/uploads\/2020\/02\/qum_kendi_shehid_anasi_1.jpg\"><img loading=\"lazy\" decoding=\"async\" class=\"aligncenter size-large wp-image-12312\" src=\"https:\/\/www.shahidov.com\/wp-content\/uploads\/2020\/02\/qum_kendi_shehid_anasi_1-620x350.jpg\" alt=\"\" width=\"620\" height=\"350\" \/><\/a> <a href=\"https:\/\/www.shahidov.com\/wp-content\/uploads\/2020\/02\/qum_kendi_shehid_anasi_2.jpg\"><img loading=\"lazy\" decoding=\"async\" class=\"aligncenter size-large wp-image-12313\" src=\"https:\/\/www.shahidov.com\/wp-content\/uploads\/2020\/02\/qum_kendi_shehid_anasi_2-622x350.jpg\" alt=\"\" width=\"622\" height=\"350\" srcset=\"https:\/\/www.shahidov.com\/wp-content\/uploads\/2020\/02\/qum_kendi_shehid_anasi_2-622x350.jpg 622w, https:\/\/www.shahidov.com\/wp-content\/uploads\/2020\/02\/qum_kendi_shehid_anasi_2-204x115.jpg 204w, https:\/\/www.shahidov.com\/wp-content\/uploads\/2020\/02\/qum_kendi_shehid_anasi_2-768x432.jpg 768w, https:\/\/www.shahidov.com\/wp-content\/uploads\/2020\/02\/qum_kendi_shehid_anasi_2.jpg 1363w\" sizes=\"auto, (max-width: 622px) 100vw, 622px\" \/><\/a> <a href=\"https:\/\/www.shahidov.com\/wp-content\/uploads\/2020\/02\/qum_kendi_shehid_anasi_3.jpg\"><img loading=\"lazy\" decoding=\"async\" class=\"aligncenter size-large wp-image-12314\" src=\"https:\/\/www.shahidov.com\/wp-content\/uploads\/2020\/02\/qum_kendi_shehid_anasi_3-621x350.jpg\" alt=\"\" width=\"621\" height=\"350\" srcset=\"https:\/\/www.shahidov.com\/wp-content\/uploads\/2020\/02\/qum_kendi_shehid_anasi_3-621x350.jpg 621w, https:\/\/www.shahidov.com\/wp-content\/uploads\/2020\/02\/qum_kendi_shehid_anasi_3-204x115.jpg 204w, https:\/\/www.shahidov.com\/wp-content\/uploads\/2020\/02\/qum_kendi_shehid_anasi_3-768x433.jpg 768w, https:\/\/www.shahidov.com\/wp-content\/uploads\/2020\/02\/qum_kendi_shehid_anasi_3.jpg 1364w\" sizes=\"auto, (max-width: 621px) 100vw, 621px\" \/><\/a><\/p>\n","protected":false},"excerpt":{"rendered":"<p>112 sayl\u0131 Qax se\u00e7ki dair\u0259sind\u0259n deputatl\u0131\u011fa namiz\u0259d, tan\u0131nm\u0131\u015f h\u00fcquq m\u00fcdafi\u0259\u00e7isi \u018fhm\u0259d \u015eahidov Qax rayonunun Qum k\u0259ndind\u0259 \u015f\u0259hid R\u0259hman Azayevin ail\u0259sini izyar\u0259t edib. \u015e\u0259hidin anas\u0131 v\u0259 qarda\u015f\u0131 il\u0259 g\u00f6r\u00fc\u015f\u0259n deputatl\u0131\u011fa namiz\u0259d&hellip; <\/p>\n","protected":false},"author":1,"featured_media":12312,"comment_status":"open","ping_status":"open","sticky":false,"template":"","format":"standard","meta":{"_jetpack_memberships_contains_paid_content":false,"footnotes":""},"categories":[64,60,72,17],"tags":[],"class_list":["post-12311","post","type-post","status-publish","format-standard","has-post-thumbnail","hentry","category-milli-mclis-novbdnknar-seckilr-09-fevral-2020-ci-il","category-qax-rayonu","category-slider","category-xbrlr"],"jetpack_featured_media_url":"https:\/\/www.shahidov.com\/wp-content\/uploads\/2020\/02\/qum_kendi_shehid_anasi_1.jpg","jetpack_sharing_enabled":true,"_links":{"self":[{"href":"https:\/\/www.shahidov.com\/index.php?rest_route=\/wp\/v2\/posts\/12311","targetHints":{"allow":["GET"]}}],"collection":[{"href":"https:\/\/www.shahidov.com\/index.php?rest_route=\/wp\/v2\/posts"}],"about":[{"href":"https:\/\/www.shahidov.com\/index.php?rest_route=\/wp\/v2\/types\/post"}],"author":[{"embeddable":true,"href":"https:\/\/www.shahidov.com\/index.php?rest_route=\/wp\/v2\/users\/1"}],"replies":[{"embeddable":true,"href":"https:\/\/www.shahidov.com\/index.php?rest_route=%2Fwp%2Fv2%2Fcomments&post=12311"}],"version-history":[{"count":1,"href":"https:\/\/www.shahidov.com\/index.php?rest_route=\/wp\/v2\/posts\/12311\/revisions"}],"predecessor-version":[{"id":12315,"href":"https:\/\/www.shahidov.com\/index.php?rest_route=\/wp\/v2\/posts\/12311\/revisions\/12315"}],"wp:featuredmedia":[{"embeddable":true,"href":"https:\/\/www.shahidov.com\/index.php?rest_route=\/wp\/v2\/media\/12312"}],"wp:attachment":[{"href":"https:\/\/www.shahidov.com\/index.php?rest_route=%2Fwp%2Fv2%2Fmedia&parent=12311"}],"wp:term":[{"taxonomy":"category","embeddable":true,"href":"https:\/\/www.shahidov.com\/index.php?rest_route=%2Fwp%2Fv2%2Fcategories&post=12311"},{"taxonomy":"post_tag","embeddable":true,"href":"https:\/\/www.shahidov.com\/index.php?rest_route=%2Fwp%2Fv2%2Ftags&post=12311"}],"curies":[{"name":"wp","href":"https:\/\/api.w.org\/{rel}","templated":true}]}}