{"id":12037,"date":"2020-01-30T23:48:59","date_gmt":"2020-01-30T19:48:59","guid":{"rendered":"https:\/\/www.shahidov.com\/?p=12037"},"modified":"2020-01-30T23:48:59","modified_gmt":"2020-01-30T19:48:59","slug":"novb%c9%99ti-5-ild%c9%99-%c9%99sl-deputatin-nec%c9%99-oldugunu-gor%c9%99c%c9%99ksiniz-qum-k%c9%99ndinin-cayxanasinda-gorus","status":"publish","type":"post","link":"https:\/\/www.shahidov.com\/?p=12037","title":{"rendered":"&#8220;N\u00f6vb\u0259ti 5 ild\u0259 \u0259sl deputat\u0131n nec\u0259 oldu\u011funu g\u00f6r\u0259c\u0259ksiniz&#8221; &#8211; Qum k\u0259ndinin \u00e7ayxanas\u0131nda g\u00f6r\u00fc\u015f"},"content":{"rendered":"<p><a href=\"https:\/\/www.shahidov.com\/wp-content\/uploads\/2020\/01\/qum_kendinde_cayxanada.jpg\"><img loading=\"lazy\" decoding=\"async\" class=\"aligncenter size-large wp-image-12038\" src=\"https:\/\/www.shahidov.com\/wp-content\/uploads\/2020\/01\/qum_kendinde_cayxanada-623x350.jpg\" alt=\"\" width=\"623\" height=\"350\" \/><\/a>112 sayl\u0131 Qax se\u00e7ki dair\u0259sind\u0259n deputatl\u0131\u011fa namiz\u0259d, tan\u0131nm\u0131\u015f h\u00fcquq m\u00fcdafi\u0259\u00e7isi \u018fhm\u0259d \u015eahidov Qax rayonu Qum k\u0259ndind\u0259 yerli sakinl\u0259rl\u0259 g\u00f6r\u00fc\u015f\u00fcb. K\u0259ndin \u00e7ayxanas\u0131nda yerli sakinl\u0259rl\u0259 ayaq\u00fcst\u00fc s\u00f6hb\u0259t ed\u0259n \u018fhm\u0259d \u015eahidov Qax rayonu il\u0259 ba\u011fl\u0131 plan v\u0259 d\u00fc\u015f\u00fcnc\u0259l\u0259rini b\u00f6l\u00fc\u015f\u00fcb v\u0259 9 Fevral tarixind\u0259 q\u0259l\u0259b\u0259 qazan\u0131b Milli M\u0259clis\u0259 se\u00e7il\u0259c\u0259yi t\u0259qdird\u0259, Parlamentd\u0259 qaxl\u0131lar\u0131n s\u0259si olaca\u011f\u0131n\u0131 v\u0259 Qax sakinl\u0259rinin n\u00f6vb\u0259ti 5 ild\u0259 \u0259sl deputat\u0131n nec\u0259 oldu\u011funu g\u00f6r\u0259c\u0259kl\u0259rini bildirib.<\/p>\n<p><iframe loading=\"lazy\" src=\"https:\/\/www.youtube.com\/embed\/PWwQCb_i-eg\" width=\"640\" height=\"360\" frameborder=\"0\" allowfullscreen=\"allowfullscreen\"><\/iframe><\/p>\n<p>Qeyd ed\u0259k ki, \u018fhm\u0259d \u015eair o\u011flu \u015eAH\u0130DOV 1982-ci ild\u0259 Qax rayonunda anadan olub. Bak\u0131 Slavyan Universitetinin bakalavr, magistratura v\u0259 aspirantura pill\u0259l\u0259rini bitirib. Filologiya \u00fczr\u0259 F\u0259ls\u0259f\u0259 Doktoru elmi d\u0259r\u0259c\u0259sini m\u00fcdafi\u0259 edib. Daha sonra Moskva \u015f\u0259h\u0259rind\u0259 Rusiya Federasiyas\u0131 Prezidenti yan\u0131nda D\u00f6vl\u0259t \u0130dar\u0259\u00e7ilik Akademiyas\u0131n\u0131n &#8220;D\u00f6vl\u0259t H\u00fcququ&#8221; fak\u00fclt\u0259sini bitirib.<\/p>\n<p>Az\u0259rbaycan Demokratiya v\u0259 \u0130nsan Haqlar\u0131 \u0130nstitutunun direktoru, eyni zamanda Az\u0259rbaycanl\u0131 \u018fsir v\u0259 Girovlarla ba\u011fl\u0131 M\u0259lumat M\u0259rk\u0259zinin koordinatorudur. D\u00fcnyan\u0131n 65 \u00f6lk\u0259sind\u0259 beyn\u0259lxalq t\u0259\u015fkilatlarda Az\u0259rbaycan\u0131n milli maraqlar\u0131, Da\u011fl\u0131q Qaraba\u011f m\u00fcnaqi\u015f\u0259si, az\u0259rbaycanl\u0131 \u0259sir v\u0259 girovlarla ba\u011fl\u0131 \u00e7oxsayl\u0131 \u00e7\u0131x\u0131\u015flar edib.<\/p>\n<p>Evlidir, 2 \u00f6vlad\u0131 var. Rus, ingilis dill\u0259rind\u0259 s\u0259rb\u0259st dan\u0131\u015f\u0131r.<\/p>\n<p>www.shahidov.com<\/p>\n","protected":false},"excerpt":{"rendered":"<p>112 sayl\u0131 Qax se\u00e7ki dair\u0259sind\u0259n deputatl\u0131\u011fa namiz\u0259d, tan\u0131nm\u0131\u015f h\u00fcquq m\u00fcdafi\u0259\u00e7isi \u018fhm\u0259d \u015eahidov Qax rayonu Qum k\u0259ndind\u0259 yerli sakinl\u0259rl\u0259 g\u00f6r\u00fc\u015f\u00fcb. K\u0259ndin \u00e7ayxanas\u0131nda yerli sakinl\u0259rl\u0259 ayaq\u00fcst\u00fc s\u00f6hb\u0259t ed\u0259n \u018fhm\u0259d \u015eahidov Qax rayonu&hellip; <\/p>\n","protected":false},"author":1,"featured_media":12038,"comment_status":"open","ping_status":"open","sticky":false,"template":"","format":"standard","meta":{"_jetpack_memberships_contains_paid_content":false,"footnotes":""},"categories":[62,64,60,17],"tags":[],"class_list":["post-12037","post","type-post","status-publish","format-standard","has-post-thumbnail","hentry","category-aktual","category-milli-mclis-novbdnknar-seckilr-09-fevral-2020-ci-il","category-qax-rayonu","category-xbrlr"],"jetpack_featured_media_url":"https:\/\/www.shahidov.com\/wp-content\/uploads\/2020\/01\/qum_kendinde_cayxanada.jpg","jetpack_sharing_enabled":true,"_links":{"self":[{"href":"https:\/\/www.shahidov.com\/index.php?rest_route=\/wp\/v2\/posts\/12037","targetHints":{"allow":["GET"]}}],"collection":[{"href":"https:\/\/www.shahidov.com\/index.php?rest_route=\/wp\/v2\/posts"}],"about":[{"href":"https:\/\/www.shahidov.com\/index.php?rest_route=\/wp\/v2\/types\/post"}],"author":[{"embeddable":true,"href":"https:\/\/www.shahidov.com\/index.php?rest_route=\/wp\/v2\/users\/1"}],"replies":[{"embeddable":true,"href":"https:\/\/www.shahidov.com\/index.php?rest_route=%2Fwp%2Fv2%2Fcomments&post=12037"}],"version-history":[{"count":1,"href":"https:\/\/www.shahidov.com\/index.php?rest_route=\/wp\/v2\/posts\/12037\/revisions"}],"predecessor-version":[{"id":12039,"href":"https:\/\/www.shahidov.com\/index.php?rest_route=\/wp\/v2\/posts\/12037\/revisions\/12039"}],"wp:featuredmedia":[{"embeddable":true,"href":"https:\/\/www.shahidov.com\/index.php?rest_route=\/wp\/v2\/media\/12038"}],"wp:attachment":[{"href":"https:\/\/www.shahidov.com\/index.php?rest_route=%2Fwp%2Fv2%2Fmedia&parent=12037"}],"wp:term":[{"taxonomy":"category","embeddable":true,"href":"https:\/\/www.shahidov.com\/index.php?rest_route=%2Fwp%2Fv2%2Fcategories&post=12037"},{"taxonomy":"post_tag","embeddable":true,"href":"https:\/\/www.shahidov.com\/index.php?rest_route=%2Fwp%2Fv2%2Ftags&post=12037"}],"curies":[{"name":"wp","href":"https:\/\/api.w.org\/{rel}","templated":true}]}}