{"id":12034,"date":"2020-01-30T18:44:41","date_gmt":"2020-01-30T14:44:41","guid":{"rendered":"https:\/\/www.shahidov.com\/?p=12034"},"modified":"2020-01-30T18:44:41","modified_gmt":"2020-01-30T14:44:41","slug":"deputat-v%c9%99t%c9%99ndaslarla-dovl%c9%99t-arasinda-etimad-korpusu-olmalidir-qum-k%c9%99ndinin-agsaqqali-il%c9%99-dialoq","status":"publish","type":"post","link":"https:\/\/www.shahidov.com\/?p=12034","title":{"rendered":"&#8220;Deputat v\u0259t\u0259nda\u015flarla d\u00f6vl\u0259t aras\u0131nda etimad k\u00f6rp\u00fcs\u00fc olmal\u0131d\u0131r&#8221; &#8211; Qum k\u0259ndinin a\u011fsaqqal\u0131 il\u0259 dialoq"},"content":{"rendered":"<p><a href=\"https:\/\/www.shahidov.com\/wp-content\/uploads\/2020\/01\/qum_kendinde_agsaqqal.jpg\"><img loading=\"lazy\" decoding=\"async\" class=\"aligncenter size-large wp-image-12035\" src=\"https:\/\/www.shahidov.com\/wp-content\/uploads\/2020\/01\/qum_kendinde_agsaqqal-624x350.jpg\" alt=\"\" width=\"624\" height=\"350\" \/><\/a>112 sayl\u0131 Qax se\u00e7ki dair\u0259sind\u0259n deputatl\u0131\u011fa namiz\u0259d, tan\u0131nm\u0131\u015f h\u00fcquq m\u00fcdafi\u0259\u00e7isi \u018fhm\u0259d \u015eahidov Qax rayonu Qum k\u0259ndind\u0259 yerli sakinl\u0259rl\u0259 g\u00f6r\u00fc\u015f\u00fcb. K\u0259ndin a\u011fsaqqal\u0131 il\u0259 ayaq\u00fcst\u00fc s\u00f6hb\u0259t zaman\u0131 Qum k\u0259ndinin qay\u011f\u0131lar\u0131 bar\u0259d\u0259 dan\u0131\u015fan \u018fhm\u0259d \u015eahidov 9 Fevral se\u00e7kil\u0259rind\u0259 Qax sakinl\u0259rinin etimad\u0131n\u0131 qazanmaq v\u0259 n\u00f6vb\u0259ti 5 ild\u0259 qaxl\u0131lar\u0131 Milli M\u0259clisd\u0259 t\u0259msil etm\u0259k niyy\u0259tini a\u00e7\u0131qlay\u0131b. \u018fhm\u0259d \u015eahidov bildirib ki, deputat s\u0131ravi v\u0259t\u0259nda\u015flarla d\u00f6vl\u0259t aras\u0131nda etimad k\u00f6rp\u00fcs\u00fcd\u00fcr, lakin b\u0259zi deputatlar\u0131n f\u0259aliyy\u0259tsizliyi n\u0259tic\u0259sind\u0259 bu etimad z\u0259d\u0259l\u0259nir.<\/p>\n<p><iframe loading=\"lazy\" src=\"https:\/\/www.youtube.com\/embed\/xJiawOnO91E\" width=\"640\" height=\"360\" frameborder=\"0\" allowfullscreen=\"allowfullscreen\"><span data-mce-type=\"bookmark\" style=\"display: inline-block; width: 0px; overflow: hidden; line-height: 0;\" class=\"mce_SELRES_start\">\ufeff<\/span><\/iframe><\/p>\n<p>Qeyd ed\u0259k ki, \u018fhm\u0259d \u015eair o\u011flu \u015eAH\u0130DOV 1982-ci ild\u0259 Qax rayonunda anadan olub. Bak\u0131 Slavyan Universitetinin bakalavr, magistratura v\u0259 aspirantura pill\u0259l\u0259rini bitirib. Filologiya \u00fczr\u0259 F\u0259ls\u0259f\u0259 Doktoru elmi d\u0259r\u0259c\u0259sini m\u00fcdafi\u0259 edib. Daha sonra Moskva \u015f\u0259h\u0259rind\u0259 Rusiya Federasiyas\u0131 Prezidenti yan\u0131nda D\u00f6vl\u0259t \u0130dar\u0259\u00e7ilik Akademiyas\u0131n\u0131n &#8220;D\u00f6vl\u0259t H\u00fcququ&#8221; fak\u00fclt\u0259sini bitirib.<\/p>\n<p>Az\u0259rbaycan Demokratiya v\u0259 \u0130nsan Haqlar\u0131 \u0130nstitutunun direktoru, eyni zamanda Az\u0259rbaycanl\u0131 \u018fsir v\u0259 Girovlarla ba\u011fl\u0131 M\u0259lumat M\u0259rk\u0259zinin koordinatorudur. D\u00fcnyan\u0131n 65 \u00f6lk\u0259sind\u0259 beyn\u0259lxalq t\u0259\u015fkilatlarda Az\u0259rbaycan\u0131n milli maraqlar\u0131, Da\u011fl\u0131q Qaraba\u011f m\u00fcnaqi\u015f\u0259si, az\u0259rbaycanl\u0131 \u0259sir v\u0259 girovlarla ba\u011fl\u0131 \u00e7oxsayl\u0131 \u00e7\u0131x\u0131\u015flar edib.<\/p>\n<p>Evlidir, 2 \u00f6vlad\u0131 var. Rus, ingilis dill\u0259rind\u0259 s\u0259rb\u0259st dan\u0131\u015f\u0131r.<\/p>\n<p>www.shahidov.com<\/p>\n","protected":false},"excerpt":{"rendered":"<p>112 sayl\u0131 Qax se\u00e7ki dair\u0259sind\u0259n deputatl\u0131\u011fa namiz\u0259d, tan\u0131nm\u0131\u015f h\u00fcquq m\u00fcdafi\u0259\u00e7isi \u018fhm\u0259d \u015eahidov Qax rayonu Qum k\u0259ndind\u0259 yerli sakinl\u0259rl\u0259 g\u00f6r\u00fc\u015f\u00fcb. K\u0259ndin a\u011fsaqqal\u0131 il\u0259 ayaq\u00fcst\u00fc s\u00f6hb\u0259t zaman\u0131 Qum k\u0259ndinin qay\u011f\u0131lar\u0131 bar\u0259d\u0259 dan\u0131\u015fan&hellip; <\/p>\n","protected":false},"author":1,"featured_media":12035,"comment_status":"open","ping_status":"open","sticky":false,"template":"","format":"standard","meta":{"_jetpack_memberships_contains_paid_content":false,"footnotes":""},"categories":[62,64,60,17],"tags":[],"class_list":["post-12034","post","type-post","status-publish","format-standard","has-post-thumbnail","hentry","category-aktual","category-milli-mclis-novbdnknar-seckilr-09-fevral-2020-ci-il","category-qax-rayonu","category-xbrlr"],"jetpack_featured_media_url":"https:\/\/www.shahidov.com\/wp-content\/uploads\/2020\/01\/qum_kendinde_agsaqqal.jpg","jetpack_sharing_enabled":true,"_links":{"self":[{"href":"https:\/\/www.shahidov.com\/index.php?rest_route=\/wp\/v2\/posts\/12034","targetHints":{"allow":["GET"]}}],"collection":[{"href":"https:\/\/www.shahidov.com\/index.php?rest_route=\/wp\/v2\/posts"}],"about":[{"href":"https:\/\/www.shahidov.com\/index.php?rest_route=\/wp\/v2\/types\/post"}],"author":[{"embeddable":true,"href":"https:\/\/www.shahidov.com\/index.php?rest_route=\/wp\/v2\/users\/1"}],"replies":[{"embeddable":true,"href":"https:\/\/www.shahidov.com\/index.php?rest_route=%2Fwp%2Fv2%2Fcomments&post=12034"}],"version-history":[{"count":1,"href":"https:\/\/www.shahidov.com\/index.php?rest_route=\/wp\/v2\/posts\/12034\/revisions"}],"predecessor-version":[{"id":12036,"href":"https:\/\/www.shahidov.com\/index.php?rest_route=\/wp\/v2\/posts\/12034\/revisions\/12036"}],"wp:featuredmedia":[{"embeddable":true,"href":"https:\/\/www.shahidov.com\/index.php?rest_route=\/wp\/v2\/media\/12035"}],"wp:attachment":[{"href":"https:\/\/www.shahidov.com\/index.php?rest_route=%2Fwp%2Fv2%2Fmedia&parent=12034"}],"wp:term":[{"taxonomy":"category","embeddable":true,"href":"https:\/\/www.shahidov.com\/index.php?rest_route=%2Fwp%2Fv2%2Fcategories&post=12034"},{"taxonomy":"post_tag","embeddable":true,"href":"https:\/\/www.shahidov.com\/index.php?rest_route=%2Fwp%2Fv2%2Ftags&post=12034"}],"curies":[{"name":"wp","href":"https:\/\/api.w.org\/{rel}","templated":true}]}}