{"id":11857,"date":"2020-01-25T21:10:58","date_gmt":"2020-01-25T17:10:58","guid":{"rendered":"https:\/\/www.shahidov.com\/?p=11857"},"modified":"2020-01-25T16:40:13","modified_gmt":"2020-01-25T12:40:13","slug":"gulluk-k%c9%99nd-m%c9%99scidinin-ciddi-t%c9%99mir%c9%99-ehtiyaci-var-%c9%99hm%c9%99d-sahidov-k%c9%99nd-m%c9%99scidini-ziyar%c9%99t-edib","status":"publish","type":"post","link":"https:\/\/www.shahidov.com\/?p=11857","title":{"rendered":"&#8220;G\u00fcll\u00fck k\u0259nd m\u0259scidinin ciddi t\u0259mir\u0259 ehtiyac\u0131 var&#8221; &#8211; \u018fhm\u0259d \u015eahidov k\u0259nd m\u0259scidini ziyar\u0259t edib"},"content":{"rendered":"<p><a href=\"https:\/\/www.shahidov.com\/wp-content\/uploads\/2020\/01\/gulluk_kend_mescidi.jpg\"><img loading=\"lazy\" decoding=\"async\" class=\"aligncenter size-large wp-image-11858\" src=\"https:\/\/www.shahidov.com\/wp-content\/uploads\/2020\/01\/gulluk_kend_mescidi-623x350.jpg\" alt=\"\" width=\"623\" height=\"350\" \/><\/a>112 sayl\u0131 Qax se\u00e7ki dair\u0259sind\u0259n deputatl\u0131\u011fa namiz\u0259d, tan\u0131nm\u0131\u015f h\u00fcquq m\u00fcdafi\u0259\u00e7isi \u018fhm\u0259d \u015eahidov Qax rayonu G\u00fcll\u00fck k\u0259ndind\u0259 olark\u0259n k\u0259nd m\u0259scidini ziyar\u0259t edib. XIX \u0259srd\u0259 in\u015fa edilmi\u015f G\u00fcll\u00fck k\u0259nd m\u0259scidi h\u0259m d\u0259 tarixi abid\u0259dir v\u0259 son ill\u0259r Qax rayonunda ba\u015f vermi\u015f z\u0259lz\u0259l\u0259l\u0259r zaman\u0131 G\u00fcll\u00fck k\u0259nd m\u0259scidi d\u0259 ciddi z\u0259r\u0259r g\u00f6r\u00fcb. Deputatl\u0131\u011fa namiz\u0259d \u018fhm\u0259d \u015eahidov m\u0259scid v\u0259 kils\u0259l\u0259r\u0259 h\u0259r zaman x\u00fcsusi diqq\u0259t g\u00f6st\u0259rdiyini qeyd edib v\u0259 deputat se\u00e7il\u0259c\u0259yi t\u0259qdird\u0259 G\u00fcll\u00fck k\u0259nd m\u0259scidinin t\u0259mir edilm\u0259si m\u0259s\u0259l\u0259sini g\u00fcnd\u0259md\u0259 saxlayaca\u011f\u0131n\u0131 bildirib.<\/p>\n<p><iframe loading=\"lazy\" src=\"https:\/\/www.youtube.com\/embed\/4SJo0xJFdPM\" width=\"640\" height=\"360\" frameborder=\"0\" allowfullscreen=\"allowfullscreen\"><span data-mce-type=\"bookmark\" style=\"display: inline-block; width: 0px; overflow: hidden; line-height: 0;\" class=\"mce_SELRES_start\">\ufeff<\/span><\/iframe><\/p>\n<p>Qeyd ed\u0259k ki, \u018fhm\u0259d \u015eair o\u011flu \u015eAH\u0130DOV 1982-ci ild\u0259 Qax rayonunda anadan olub. Bak\u0131 Slavyan Universitetinin bakalavr, magistratura v\u0259 aspirantura pill\u0259l\u0259rini bitirib. Filologiya \u00fczr\u0259 F\u0259ls\u0259f\u0259 Doktoru elmi d\u0259r\u0259c\u0259sini m\u00fcdafi\u0259 edib. Daha sonra Moskva \u015f\u0259h\u0259rind\u0259 Rusiya Federasiyas\u0131 Prezidenti yan\u0131nda D\u00f6vl\u0259t \u0130dar\u0259\u00e7ilik Akademiyas\u0131n\u0131n &#8220;D\u00f6vl\u0259t H\u00fcququ&#8221; fak\u00fclt\u0259sini bitirib.<\/p>\n<p>Az\u0259rbaycan Demokratiya v\u0259 \u0130nsan Haqlar\u0131 \u0130nstitutunun direktoru, eyni zamanda Az\u0259rbaycanl\u0131 \u018fsir v\u0259 Girovlarla ba\u011fl\u0131 M\u0259lumat M\u0259rk\u0259zinin koordinatorudur. D\u00fcnyan\u0131n 65 \u00f6lk\u0259sind\u0259 beyn\u0259lxalq t\u0259\u015fkilatlarda Az\u0259rbaycan\u0131n milli maraqlar\u0131, Da\u011fl\u0131q Qaraba\u011f m\u00fcnaqi\u015f\u0259si, az\u0259rbaycanl\u0131 \u0259sir v\u0259 girovlarla ba\u011fl\u0131 \u00e7oxsayl\u0131 \u00e7\u0131x\u0131\u015flar edib.<\/p>\n<p>Evlidir, 2 \u00f6vlad\u0131 var. Rus, ingilis dill\u0259rind\u0259 s\u0259rb\u0259st dan\u0131\u015f\u0131r.<\/p>\n<p>www.shahidov.com<\/p>\n","protected":false},"excerpt":{"rendered":"<p>112 sayl\u0131 Qax se\u00e7ki dair\u0259sind\u0259n deputatl\u0131\u011fa namiz\u0259d, tan\u0131nm\u0131\u015f h\u00fcquq m\u00fcdafi\u0259\u00e7isi \u018fhm\u0259d \u015eahidov Qax rayonu G\u00fcll\u00fck k\u0259ndind\u0259 olark\u0259n k\u0259nd m\u0259scidini ziyar\u0259t edib. XIX \u0259srd\u0259 in\u015fa edilmi\u015f G\u00fcll\u00fck k\u0259nd m\u0259scidi h\u0259m d\u0259&hellip; <\/p>\n","protected":false},"author":1,"featured_media":11858,"comment_status":"open","ping_status":"open","sticky":false,"template":"","format":"standard","meta":{"_jetpack_memberships_contains_paid_content":false,"footnotes":""},"categories":[62,64,60,17],"tags":[],"class_list":["post-11857","post","type-post","status-publish","format-standard","has-post-thumbnail","hentry","category-aktual","category-milli-mclis-novbdnknar-seckilr-09-fevral-2020-ci-il","category-qax-rayonu","category-xbrlr"],"jetpack_featured_media_url":"https:\/\/www.shahidov.com\/wp-content\/uploads\/2020\/01\/gulluk_kend_mescidi.jpg","jetpack_sharing_enabled":true,"_links":{"self":[{"href":"https:\/\/www.shahidov.com\/index.php?rest_route=\/wp\/v2\/posts\/11857","targetHints":{"allow":["GET"]}}],"collection":[{"href":"https:\/\/www.shahidov.com\/index.php?rest_route=\/wp\/v2\/posts"}],"about":[{"href":"https:\/\/www.shahidov.com\/index.php?rest_route=\/wp\/v2\/types\/post"}],"author":[{"embeddable":true,"href":"https:\/\/www.shahidov.com\/index.php?rest_route=\/wp\/v2\/users\/1"}],"replies":[{"embeddable":true,"href":"https:\/\/www.shahidov.com\/index.php?rest_route=%2Fwp%2Fv2%2Fcomments&post=11857"}],"version-history":[{"count":1,"href":"https:\/\/www.shahidov.com\/index.php?rest_route=\/wp\/v2\/posts\/11857\/revisions"}],"predecessor-version":[{"id":11859,"href":"https:\/\/www.shahidov.com\/index.php?rest_route=\/wp\/v2\/posts\/11857\/revisions\/11859"}],"wp:featuredmedia":[{"embeddable":true,"href":"https:\/\/www.shahidov.com\/index.php?rest_route=\/wp\/v2\/media\/11858"}],"wp:attachment":[{"href":"https:\/\/www.shahidov.com\/index.php?rest_route=%2Fwp%2Fv2%2Fmedia&parent=11857"}],"wp:term":[{"taxonomy":"category","embeddable":true,"href":"https:\/\/www.shahidov.com\/index.php?rest_route=%2Fwp%2Fv2%2Fcategories&post=11857"},{"taxonomy":"post_tag","embeddable":true,"href":"https:\/\/www.shahidov.com\/index.php?rest_route=%2Fwp%2Fv2%2Ftags&post=11857"}],"curies":[{"name":"wp","href":"https:\/\/api.w.org\/{rel}","templated":true}]}}