{"id":11822,"date":"2020-01-25T09:15:20","date_gmt":"2020-01-25T05:15:20","guid":{"rendered":"https:\/\/www.shahidov.com\/?p=11822"},"modified":"2020-01-24T20:50:25","modified_gmt":"2020-01-24T16:50:25","slug":"%c9%99hm%c9%99d-sahidov-qaxin-m%c9%99d%c9%99niyy%c9%99t-v%c9%99-inc%c9%99s%c9%99n%c9%99t-numay%c9%99nd%c9%99l%c9%99rin%c9%99-muraci%c9%99t-etdi-m%c9%99n-sizin-dostunuzam","status":"publish","type":"post","link":"https:\/\/www.shahidov.com\/?p=11822","title":{"rendered":"\u018fhm\u0259d \u015eahidov Qax\u0131n m\u0259d\u0259niyy\u0259t v\u0259 inc\u0259s\u0259n\u0259t n\u00fcmay\u0259nd\u0259l\u0259rin\u0259 m\u00fcraci\u0259t etdi: &#8220;M\u0259n sizin dostunuzam&#8221;"},"content":{"rendered":"<p><a href=\"https:\/\/www.shahidov.com\/wp-content\/uploads\/2020\/01\/medeniyyet_iscilerine_muraciet.jpg\"><img loading=\"lazy\" decoding=\"async\" class=\"aligncenter size-large wp-image-11823\" src=\"https:\/\/www.shahidov.com\/wp-content\/uploads\/2020\/01\/medeniyyet_iscilerine_muraciet-623x350.jpg\" alt=\"\" width=\"623\" height=\"350\" \/><\/a>112 sayl\u0131 Qax se\u00e7ki dair\u0259sind\u0259n deputatl\u0131\u011fa namiz\u0259d, tan\u0131nm\u0131\u015f h\u00fcquq m\u00fcdafi\u0259\u00e7isi \u018fhm\u0259d \u015eahidov Qax rayonunda f\u0259aliyy\u0259t g\u00f6st\u0259r\u0259n m\u0259d\u0259niyy\u0259t v\u0259 inc\u0259s\u0259n\u0259t n\u00fcmay\u0259nd\u0259l\u0259rin\u0259 m\u00fcraci\u0259t edib. H\u0259r zaman m\u0259d\u0259niyy\u0259t\u0259 x\u00fcsusi diqq\u0259tl\u0259 yana\u015fd\u0131\u011f\u0131n\u0131 bildir\u0259n deputatl\u0131\u011fa namiz\u0259d Qaxda m\u0259d\u0259niyy\u0259tin v\u0259 inc\u0259s\u0259n\u0259tin daha da inki\u015faf etm\u0259sind\u0259 v\u0259 istedadl\u0131 insanlara daima diqq\u0259t v\u0259 qay\u011f\u0131 g\u00f6st\u0259rilm\u0259sind\u0259 maraql\u0131 oldu\u011funu v\u0259 deputat se\u00e7il\u0259c\u0259yi t\u0259qdird\u0259 bu istiqam\u0259td\u0259 ard\u0131c\u0131l i\u015fl\u0259r aparaca\u011f\u0131n\u0131 bildirib.<\/p>\n<p><iframe loading=\"lazy\" src=\"https:\/\/www.youtube.com\/embed\/uaQY9LCIVA8\" width=\"640\" height=\"360\" frameborder=\"0\" allowfullscreen=\"allowfullscreen\"><span data-mce-type=\"bookmark\" style=\"display: inline-block; width: 0px; overflow: hidden; line-height: 0;\" class=\"mce_SELRES_start\">\ufeff<\/span><\/iframe><\/p>\n<p>Qeyd ed\u0259k ki, \u018fhm\u0259d \u015eair o\u011flu \u015eAH\u0130DOV 1982-ci ild\u0259 Qax rayonunda anadan olub. Bak\u0131 Slavyan Universitetinin bakalavr, magistratura v\u0259 aspirantura pill\u0259l\u0259rini bitirib. Filologiya \u00fczr\u0259 F\u0259ls\u0259f\u0259 Doktoru elmi d\u0259r\u0259c\u0259sini m\u00fcdafi\u0259 edib. Daha sonra Moskva \u015f\u0259h\u0259rind\u0259 Rusiya Federasiyas\u0131 Prezidenti yan\u0131nda D\u00f6vl\u0259t \u0130dar\u0259\u00e7ilik Akademiyas\u0131n\u0131n &#8220;D\u00f6vl\u0259t H\u00fcququ&#8221; fak\u00fclt\u0259sini bitirib.<\/p>\n<p>Az\u0259rbaycan Demokratiya v\u0259 \u0130nsan Haqlar\u0131 \u0130nstitutunun direktoru, eyni zamanda Az\u0259rbaycanl\u0131 \u018fsir v\u0259 Girovlarla ba\u011fl\u0131 M\u0259lumat M\u0259rk\u0259zinin koordinatorudur. D\u00fcnyan\u0131n 65 \u00f6lk\u0259sind\u0259 beyn\u0259lxalq t\u0259\u015fkilatlarda Az\u0259rbaycan\u0131n milli maraqlar\u0131, Da\u011fl\u0131q Qaraba\u011f m\u00fcnaqi\u015f\u0259si, az\u0259rbaycanl\u0131 \u0259sir v\u0259 girovlarla ba\u011fl\u0131 \u00e7oxsayl\u0131 \u00e7\u0131x\u0131\u015flar edib.<\/p>\n<p>Evlidir, 2 \u00f6vlad\u0131 var. Rus, ingilis dill\u0259rind\u0259 s\u0259rb\u0259st dan\u0131\u015f\u0131r.<\/p>\n<p>www.shahidov.com<\/p>\n","protected":false},"excerpt":{"rendered":"<p>112 sayl\u0131 Qax se\u00e7ki dair\u0259sind\u0259n deputatl\u0131\u011fa namiz\u0259d, tan\u0131nm\u0131\u015f h\u00fcquq m\u00fcdafi\u0259\u00e7isi \u018fhm\u0259d \u015eahidov Qax rayonunda f\u0259aliyy\u0259t g\u00f6st\u0259r\u0259n m\u0259d\u0259niyy\u0259t v\u0259 inc\u0259s\u0259n\u0259t n\u00fcmay\u0259nd\u0259l\u0259rin\u0259 m\u00fcraci\u0259t edib. H\u0259r zaman m\u0259d\u0259niyy\u0259t\u0259 x\u00fcsusi diqq\u0259tl\u0259 yana\u015fd\u0131\u011f\u0131n\u0131 bildir\u0259n deputatl\u0131\u011fa&hellip; <\/p>\n","protected":false},"author":1,"featured_media":11823,"comment_status":"open","ping_status":"open","sticky":false,"template":"","format":"standard","meta":{"_jetpack_memberships_contains_paid_content":false,"footnotes":""},"categories":[64,60,17],"tags":[],"class_list":["post-11822","post","type-post","status-publish","format-standard","has-post-thumbnail","hentry","category-milli-mclis-novbdnknar-seckilr-09-fevral-2020-ci-il","category-qax-rayonu","category-xbrlr"],"jetpack_featured_media_url":"https:\/\/www.shahidov.com\/wp-content\/uploads\/2020\/01\/medeniyyet_iscilerine_muraciet.jpg","jetpack_sharing_enabled":true,"_links":{"self":[{"href":"https:\/\/www.shahidov.com\/index.php?rest_route=\/wp\/v2\/posts\/11822","targetHints":{"allow":["GET"]}}],"collection":[{"href":"https:\/\/www.shahidov.com\/index.php?rest_route=\/wp\/v2\/posts"}],"about":[{"href":"https:\/\/www.shahidov.com\/index.php?rest_route=\/wp\/v2\/types\/post"}],"author":[{"embeddable":true,"href":"https:\/\/www.shahidov.com\/index.php?rest_route=\/wp\/v2\/users\/1"}],"replies":[{"embeddable":true,"href":"https:\/\/www.shahidov.com\/index.php?rest_route=%2Fwp%2Fv2%2Fcomments&post=11822"}],"version-history":[{"count":1,"href":"https:\/\/www.shahidov.com\/index.php?rest_route=\/wp\/v2\/posts\/11822\/revisions"}],"predecessor-version":[{"id":11824,"href":"https:\/\/www.shahidov.com\/index.php?rest_route=\/wp\/v2\/posts\/11822\/revisions\/11824"}],"wp:featuredmedia":[{"embeddable":true,"href":"https:\/\/www.shahidov.com\/index.php?rest_route=\/wp\/v2\/media\/11823"}],"wp:attachment":[{"href":"https:\/\/www.shahidov.com\/index.php?rest_route=%2Fwp%2Fv2%2Fmedia&parent=11822"}],"wp:term":[{"taxonomy":"category","embeddable":true,"href":"https:\/\/www.shahidov.com\/index.php?rest_route=%2Fwp%2Fv2%2Fcategories&post=11822"},{"taxonomy":"post_tag","embeddable":true,"href":"https:\/\/www.shahidov.com\/index.php?rest_route=%2Fwp%2Fv2%2Ftags&post=11822"}],"curies":[{"name":"wp","href":"https:\/\/api.w.org\/{rel}","templated":true}]}}